{"id":87,"date":"2026-04-12T02:36:37","date_gmt":"2026-04-12T02:36:37","guid":{"rendered":"https:\/\/lasalud.lat\/?p=87"},"modified":"2026-04-13T20:17:42","modified_gmt":"2026-04-13T20:17:42","slug":"radiologia-sin-fronteras-el-puente-colombia-mexico-toma-forma","status":"publish","type":"post","link":"https:\/\/lasalud.lat\/?p=87","title":{"rendered":"Radiolog\u00eda sin fronteras: el puente Colombia\u2013M\u00e9xico toma forma"},"content":{"rendered":"\n<p class=\"wp-block-paragraph\"><strong>En el LX Curso Internacional de Radiolog\u00eda e Imagen, el Dr. Mart\u00edn Renjifo posiciona la cooperaci\u00f3n latinoamericana como una estrategia vigente para fortalecer la pr\u00e1ctica m\u00e9dica<\/strong><\/p>\n\n\n\n<p class=\"wp-block-paragraph\"><em>Por: Carlos Henze \/ Fotograf\u00eda: Daniela Escartin<\/em><\/p>\n\n\n\n<p class=\"wp-block-paragraph\"><strong><a href=\"http:\/\/lasalud.mx\" data-type=\"link\" data-id=\"lasalud.mx\">LaSalud.mx<\/a> \/ <\/strong><a href=\"http:\/\/oncologia.mx\"><strong>Oncologia.mx<\/strong><\/a><strong>, Ciudad de M\u00e9xico, 11 de abril de 2026 .-<\/strong> En el marco del <strong>LX Curso Internacional de Radiolog\u00eda e Imagen<\/strong>, de la <strong>Sociedad Mexicana de Radiolog\u00eda e Imagen (SMRI)<\/strong> que se llev\u00f3 a cabo del 5 al 7 de febrero en la Ciudad de M\u00e9xico, el vocal de la <strong>Asociaci\u00f3n Colombiana de Radiolog\u00eda (ACR)<\/strong>, el <strong>Dr.<\/strong> <strong>Mart\u00edn Eduardo Renjifo Duque<\/strong>, encabez\u00f3 la presencia institucional de la ACR desde su stand oficial, consolidando un puente acad\u00e9mico entre Colombia y M\u00e9xico en uno de los foros m\u00e1s relevantes de la especialidad en Am\u00e9rica Latina.<\/p>\n\n\n\n<p class=\"wp-block-paragraph\">En <strong>entrevista exclusiva para <a href=\"http:\/\/lasalud.mx\" data-type=\"link\" data-id=\"lasalud.mx\">LaSalud.mx<\/a> \/ <\/strong><a href=\"http:\/\/oncologia.mx\"><strong>Oncologia.mx<\/strong><\/a>, el Dr. Mart\u00edn Eduardo Renjifo Duque, integrante de la junta directiva de la Asociaci\u00f3n Colombiana de Radiolog\u00eda, subray\u00f3 que la cooperaci\u00f3n latinoamericana no es una aspiraci\u00f3n futura, sino una estrategia vigente y necesaria para el<strong>fortalecimiento cient\u00edfico regional<\/strong>. \u201cLa idea de trabajar en equipo siempre ha sido la clave de las asociaciones y ese ha sido nuestro norte como Latinoam\u00e9rica\u201d, afirm\u00f3.<\/p>\n\n\n\n<h2 class=\"wp-block-heading\"><strong>Integraci\u00f3n latinoamericana: capital humano como eje estrat\u00e9gico<\/strong><\/h2>\n\n\n\n<p class=\"wp-block-paragraph\">Para el Dr. Mart\u00edn Renjifo Duque, la radiolog\u00eda latinoamericana posee un capital humano robusto, con profesores de alta calidad y una base acad\u00e9mica s\u00f3lida que ha crecido gracias al intercambio entre pa\u00edses como <strong>M\u00e9xico, Argentina, Chile y Colombia<\/strong>.<\/p>\n\n\n\n<figure class=\"wp-block-embed aligncenter is-type-video is-provider-youtube wp-block-embed-youtube wp-embed-aspect-16-9 wp-has-aspect-ratio\"><div class=\"wp-block-embed__wrapper\">\n<iframe loading=\"lazy\" title=\"Dr. Mart\u00edn Renjifo, puente Colombia\u2013M\u00e9xico en Radiolog\u00eda\" width=\"618\" height=\"348\" src=\"https:\/\/www.youtube.com\/embed\/0uNRqTm-6XQ?feature=oembed\" frameborder=\"0\" allow=\"accelerometer; autoplay; clipboard-write; encrypted-media; gyroscope; picture-in-picture; web-share\" referrerpolicy=\"strict-origin-when-cross-origin\" allowfullscreen><\/iframe>\n<\/div><\/figure>\n\n\n\n<h2 class=\"wp-block-heading\"><a href=\"https:\/\/whatsapp.com\/channel\/0029VaBL9vs7YSd02T2Y8h3t\">\u00daNETE A NUESTRO CANAL DE WHATSAPP. LASALUD.MX LA REVISTA DE LA COMUNIDAD M\u00c9DICA. PORQU\u00c9 LA SALUD ES PRIMERO<\/a><\/h2>\n\n\n\n<p class=\"wp-block-paragraph\">Reconoci\u00f3 que la regi\u00f3n comparte desaf\u00edos estructurales, pero enfatiz\u00f3 que la fortaleza colectiva radica en la <strong>cooperaci\u00f3n acad\u00e9mica, log\u00edstica y cient\u00edfica<\/strong>. \u201cTenemos much\u00edsimo capital humano, muy buena calidad y eso es lo que tenemos que apoyar\u201d, sostuvo.<\/p>\n\n\n\n<p class=\"wp-block-paragraph\">El acompa\u00f1amiento mutuo en congresos, explic\u00f3, no es solo un gesto protocolario: implica aprendizaje organizativo, an\u00e1lisis de modelos de gesti\u00f3n, evaluaci\u00f3n de convenios internacionales y optimizaci\u00f3n de est\u00e1ndares acad\u00e9micos.<\/p>\n\n\n\n<h2 class=\"wp-block-heading\"><strong>Inteligencia artificial: subirse al cambio, no temerle<\/strong><\/h2>\n\n\n\n<p class=\"wp-block-paragraph\">Frente a la pregunta sobre las tecnolog\u00edas que m\u00e1s est\u00e1n transformando la imagen m\u00e9dica, el doctor fue categ\u00f3rico: <strong>la inteligencia artificial es el eje transversal del cambio<\/strong>.<\/p>\n\n\n\n<p class=\"wp-block-paragraph\">\u201cLa frase siempre dice: no tenga miedo, m\u00e1s bien s\u00fabase a la inteligencia artificial o trabaje con ella\u201d, expres\u00f3.<\/p>\n\n\n\n<p class=\"wp-block-paragraph\">Desde su perspectiva, la IA no es un reemplazo, sino una <strong>herramienta que mejora la precisi\u00f3n diagn\u00f3stica y optimiza la pr\u00e1ctica profesional<\/strong>. Sin embargo, hizo un llamado a que Latinoam\u00e9rica no permanezca como espectadora del desarrollo tecnol\u00f3gico global.<\/p>\n\n\n\n<p class=\"wp-block-paragraph\">\u201cTenemos muy buenos cerebros. Ojal\u00e1 podamos empezar a generar programas de inteligencia artificial y no quedarnos esperando lo que hagan pa\u00edses m\u00e1s desarrollados\u201d, puntualiz\u00f3.<\/p>\n\n\n\n<p class=\"wp-block-paragraph\">La Asociaci\u00f3n Colombiana de Radiolog\u00eda ha institucionalizado este enfoque mediante un <strong>simposio anual dedicado exclusivamente a inteligencia artificial aplicada a radiolog\u00eda<\/strong>. Aunque al inicio enfrent\u00f3 resistencia y baja asistencia \u2014\u201ca lo nuevo siempre hay reticencia\u201d\u2014, el inter\u00e9s ha crecido progresivamente.<\/p>\n\n\n\n<h2 class=\"wp-block-heading\"><strong>Formaci\u00f3n: del residente al m\u00e9dico general<\/strong><\/h2>\n\n\n\n<p class=\"wp-block-paragraph\">En materia educativa, el Dr. Renjifo explic\u00f3 que la ACR impulsa programas espec\u00edficos para residentes, facilita su integraci\u00f3n acad\u00e9mica y desarrolla iniciativas comunitarias como programas sobre cuidado hep\u00e1tico y atenci\u00f3n al stroke.<\/p>\n\n\n\n<p class=\"wp-block-paragraph\">Admiti\u00f3, sin embargo, que uno de los retos es <strong>acercar la radiolog\u00eda al m\u00e9dico general desde etapas tempranas de formaci\u00f3n<\/strong>, pues el contacto profundo con la especialidad suele darse \u00fanicamente en el posgrado.<\/p>\n\n\n\n<p class=\"wp-block-paragraph\">La radiolog\u00eda, afirm\u00f3, debe posicionarse como \u00e1rea estrat\u00e9gica dentro de la medicina contempor\u00e1nea.<\/p>\n\n\n\n<h2 class=\"wp-block-heading\"><a href=\"https:\/\/whatsapp.com\/channel\/0029Va6TK4xB4hdLadBUgV3d\">\u00daNETE A NUESTRO CANAL DE WHATSAPP. ONCOLOGIA.MX LA REVISTA DE LA COMUNIDAD M\u00c9DICA. PORQU\u00c9 LA SALUD ES PRIMERO<\/a><\/h2>\n\n\n\n<h2 class=\"wp-block-heading\"><strong>Radiolog\u00eda en cinco a\u00f1os: m\u00e1s cl\u00ednica, menos aislamiento<\/strong><\/h2>\n\n\n\n<p class=\"wp-block-paragraph\">Ante la proyecci\u00f3n del futuro, el Dr. Renjifo Duque descart\u00f3 la desaparici\u00f3n de la especialidad frente al avance algor\u00edtmico.<\/p>\n\n\n\n<p class=\"wp-block-paragraph\">\u201cNo creo que desaparezcamos. Creo que nos vamos a transformar\u201d, indic\u00f3.<\/p>\n\n\n\n<p class=\"wp-block-paragraph\">Visualiza una radiolog\u00eda m\u00e1s integrada al acto cl\u00ednico, con mayor presencia en decisiones terap\u00e9uticas y menos aislamiento respecto al paciente. La inteligencia artificial, en su opini\u00f3n, podr\u00eda liberar tiempo operativo para fortalecer ese v\u00ednculo cl\u00ednico.<\/p>\n\n\n\n<h2 class=\"wp-block-heading\"><strong>Diplomacia acad\u00e9mica y agenda regional<\/strong><\/h2>\n\n\n\n<p class=\"wp-block-paragraph\">El vocal de la Asociaci\u00f3n Colombiana de Radiolog\u00eda reconoci\u00f3 la calidad log\u00edstica y acad\u00e9mica del evento mexicano, destacando la <strong>excelencia en neurodiagn\u00f3stico y el aprendizaje organizativo<\/strong> que trasladar\u00e1n a su propio congreso.<\/p>\n\n\n\n<p class=\"wp-block-paragraph\">Finalmente, extendi\u00f3 una invitaci\u00f3n formal al <strong>Congreso Internacional de Radiolog\u00eda de la ACR<\/strong>, que se celebrar\u00e1 del<strong> 14 al 16 de mayo en Cartagena, Colombia<\/strong>, con participaci\u00f3n de profesores internacionales de alto nivel.<\/p>\n\n\n\n<p class=\"wp-block-paragraph\">La radiolog\u00eda latinoamericana, concluy\u00f3, no se construye en aislamiento, sino en comunidad. Y en ese entramado, <strong>M\u00e9xico y Colombia contin\u00faan consolidando una alianza estrat\u00e9gica<\/strong> que trasciende fronteras y proyecta una especialidad en transformaci\u00f3n permanente.<\/p>\n\n\n\n<blockquote class=\"wp-block-quote is-layout-flow wp-block-quote-is-layout-flow\">\n<p class=\"wp-block-paragraph\">Esta nota, as\u00ed como reportajes, entrevistas exclusivas, videos, podcast y m\u00e1s, los podr\u00e1s encontrar en nuestra pr\u00f3xima edici\u00f3n especial digital de <strong>Temas Selectos en Salud y Oncolog\u00eda 2026<\/strong>.<\/p>\n\n\n\n<p class=\"wp-block-paragraph\"><strong>LaSalud.lat \/<\/strong> <strong><a href=\"oncologia.mx\">Oncologia.mx<\/a> \/<\/strong> <strong><a href=\"http:\/\/lasalud.mx\" data-type=\"link\" data-id=\"lasalud.mx\">LaSalud.mx<\/a><\/strong> La Revista de la Comunidad M\u00e9dica.<\/p>\n\n\n\n<p class=\"wp-block-paragraph\">Visita algunas de nuestras ediciones especiales en <a href=\"https:\/\/issuu.com\/grupo-mundodehoy\"><\/a><a href=\"https:\/\/issuu.com\/grupo-mundodehoy\"><strong>https:\/\/issuu.com\/grupo-mundodehoy<\/strong><\/a><\/p>\n<\/blockquote>\n\n\n<div class=\"wp-block-image\">\n<figure class=\"aligncenter size-large\"><img decoding=\"async\" src=\"https:\/\/mundodehoy.com\/wp-content\/uploads\/2026\/02\/WhatsApp-Image-2026-01-16-at-09.06.53-1-808x1024.jpeg\" alt=\"\" class=\"wp-image-85810\"\/><\/figure>\n<\/div>\n\n<div class=\"wp-block-image\">\n<figure class=\"aligncenter size-full\"><img decoding=\"async\" src=\"https:\/\/mundodehoy.com\/wp-content\/uploads\/2026\/02\/edicion-febrero-oncologia-1.jpg\" alt=\"\" class=\"wp-image-85811\"\/><\/figure>\n<\/div>\n\n\n<p class=\"wp-block-paragraph\">D.E.<\/p>\n","protected":false},"excerpt":{"rendered":"<p>En el LX Curso Internacional de Radiolog\u00eda e Imagen, el Dr. Mart\u00edn Renjifo posiciona la cooperaci\u00f3n latinoamericana como una estrategia vigente para fortalecer la pr\u00e1ctica m\u00e9dica Por: Carlos Henze \/ Fotograf\u00eda: Daniela Escartin LaSalud.mx \/ Oncologia.mx, Ciudad de M\u00e9xico, 11 de abril de 2026 .- En el marco del LX Curso Internacional de Radiolog\u00eda e &hellip;<\/p>\n","protected":false},"author":2,"featured_media":88,"comment_status":"open","ping_status":"open","sticky":false,"template":"","format":"standard","meta":{"footnotes":""},"categories":[3,7,5],"tags":[248,249,262,238,239,241,263,21,218,220,225,264],"class_list":["post-87","post","type-post","status-publish","format-standard","has-post-thumbnail","","category-eventos","category-oncologia","category-voces","tag-acr","tag-asociacioncolombianaderadiologia","tag-congresointernacionalderadiologiadelaacr","tag-ia","tag-inteligenciaartificial","tag-lxcursointernacionalderadiologiaeimagen","tag-martineduardorenjifoduque","tag-portada","tag-radiologia","tag-radiologiaeimagen","tag-smri","tag-sociedadmexicanaderadiologiaeimagen-2"],"_links":{"self":[{"href":"https:\/\/lasalud.lat\/index.php?rest_route=\/wp\/v2\/posts\/87","targetHints":{"allow":["GET"]}}],"collection":[{"href":"https:\/\/lasalud.lat\/index.php?rest_route=\/wp\/v2\/posts"}],"about":[{"href":"https:\/\/lasalud.lat\/index.php?rest_route=\/wp\/v2\/types\/post"}],"author":[{"embeddable":true,"href":"https:\/\/lasalud.lat\/index.php?rest_route=\/wp\/v2\/users\/2"}],"replies":[{"embeddable":true,"href":"https:\/\/lasalud.lat\/index.php?rest_route=%2Fwp%2Fv2%2Fcomments&post=87"}],"version-history":[{"count":2,"href":"https:\/\/lasalud.lat\/index.php?rest_route=\/wp\/v2\/posts\/87\/revisions"}],"predecessor-version":[{"id":104,"href":"https:\/\/lasalud.lat\/index.php?rest_route=\/wp\/v2\/posts\/87\/revisions\/104"}],"wp:featuredmedia":[{"embeddable":true,"href":"https:\/\/lasalud.lat\/index.php?rest_route=\/wp\/v2\/media\/88"}],"wp:attachment":[{"href":"https:\/\/lasalud.lat\/index.php?rest_route=%2Fwp%2Fv2%2Fmedia&parent=87"}],"wp:term":[{"taxonomy":"category","embeddable":true,"href":"https:\/\/lasalud.lat\/index.php?rest_route=%2Fwp%2Fv2%2Fcategories&post=87"},{"taxonomy":"post_tag","embeddable":true,"href":"https:\/\/lasalud.lat\/index.php?rest_route=%2Fwp%2Fv2%2Ftags&post=87"}],"curies":[{"name":"wp","href":"https:\/\/api.w.org\/{rel}","templated":true}]}}