{"id":84,"date":"2026-04-12T02:33:12","date_gmt":"2026-04-12T02:33:12","guid":{"rendered":"https:\/\/lasalud.lat\/?p=84"},"modified":"2026-04-13T20:15:35","modified_gmt":"2026-04-13T20:15:35","slug":"dr-jose-luis-rios-reina-formar-generaciones-transformar-la-especialidad","status":"publish","type":"post","link":"https:\/\/lasalud.lat\/?p=84","title":{"rendered":"Dr. Jos\u00e9 Luis Rios Reina: formar generaciones, transformar la especialidad"},"content":{"rendered":"\n<p class=\"wp-block-paragraph\"><strong>A lo largo de su carrera, el Dr. Rios Reina ha contribuido a la formaci\u00f3n de decenas de generaciones de especialistas, consolidando un legado acad\u00e9mico que trasciende la pr\u00e1ctica cl\u00ednica<\/strong><\/p>\n\n\n\n<p class=\"wp-block-paragraph\"><em>Por: Carlos Henze \/ Fotograf\u00eda: Lourdes Hurtado<\/em><\/p>\n\n\n\n<p class=\"wp-block-paragraph\"><strong><a href=\"http:\/\/lasalud.mx\" data-type=\"link\" data-id=\"lasalud.mx\">LaSalud.mx<\/a> \/ <a href=\"http:\/\/sanamente.mx\" data-type=\"link\" data-id=\"sanamente.mx\">Sanamente.mx<\/a> \/ <\/strong><a href=\"http:\/\/oncologia.mx\"><strong>Oncologia.mx<\/strong><\/a><strong> \/ LaSalud.lat<\/strong><strong>, Ciudad de M\u00e9xico, 11 de abril de 2026 .-<\/strong> En el marco del <strong>LX Curso Internacional de Radiolog\u00eda e Imagen<\/strong>, organizado por la <strong>Sociedad Mexicana de Radiolog\u00eda e Imagen (SMRI)<\/strong> y celebrado del 5 al 7 de febrero en la Ciudad de M\u00e9xico, el <strong>Dr. Jos\u00e9 Luis Rios Reina<\/strong>, Presidente Electo del <strong>Consejo de Radiolog\u00eda e Imagen A.C. (CMRI)<\/strong>, fue distinguido con el <strong>Premio a la Excelencia Acad\u00e9mica<\/strong>, en reconocimiento a su contribuci\u00f3n excepcional al desarrollo, promoci\u00f3n, educaci\u00f3n e investigaci\u00f3n de la radiolog\u00eda en M\u00e9xico.<\/p>\n\n\n\n<p class=\"wp-block-paragraph\">En <strong>di\u00e1logo exclusivo con <a href=\"http:\/\/lasalud.mx\" data-type=\"link\" data-id=\"lasalud.mx\">LaSalud.mx<\/a> \/ <\/strong><a href=\"http:\/\/oncologia.mx\"><strong>Oncologia.mx<\/strong><\/a><strong>, <\/strong>\u00a0el Dr. Jos\u00e9 Luis Rios recibi\u00f3 la distinci\u00f3n con humildad y claridad \u00e9tica. \u201cEl honor me lo hicieron ellos a m\u00ed\u201d, expres\u00f3. Reconoci\u00f3 que <strong>el verdadero valor de la carrera m\u00e9dica radica en la difusi\u00f3n del conocimiento y en la capacidad de ofrecer diagn\u00f3sticos oportunos<\/strong> y tratamientos adecuados. Que sus propios colegas radi\u00f3logos lo reconocieran, subray\u00f3, representa un honor \u201cenorme\u201d, aceptado \u201ccordialmente, honestamente, humildemente\u201d.<\/p>\n\n\n\n<h2 class=\"wp-block-heading\"><a href=\"https:\/\/whatsapp.com\/channel\/0029VaBL9vs7YSd02T2Y8h3t\">\u00daNETE A NUESTRO CANAL DE WHATSAPP. LASALUD.MX LA REVISTA DE LA COMUNIDAD M\u00c9DICA. PORQU\u00c9 LA SALUD ES PRIMERO<\/a><\/h2>\n\n\n\n<h2 class=\"wp-block-heading\"><strong>M\u00e1s de medio siglo en la Radiolog\u00eda Mexicana<\/strong><\/h2>\n\n\n\n<p class=\"wp-block-paragraph\">Con <strong>55 a\u00f1os en radiolog\u00eda<\/strong> y <strong>45 a\u00f1os en radiolog\u00eda intervencionista<\/strong>, el Dr. Rios Reina ha sido testigo directo de la transformaci\u00f3n tecnol\u00f3gica de la especialidad. Su trayectoria incluye la formaci\u00f3n de <strong>45 generaciones de residentes<\/strong>, un legado acad\u00e9mico que define su impacto estructural en el pa\u00eds.<\/p>\n\n\n\n<figure class=\"wp-block-embed is-type-video is-provider-youtube wp-block-embed-youtube wp-embed-aspect-16-9 wp-has-aspect-ratio\"><div class=\"wp-block-embed__wrapper\">\n<iframe loading=\"lazy\" title=\"Dr. Jos\u00e9 Luis Rios Reina recibe Premio a La Excelencia Acad\u00e9mica en LX Curso Radiolog\u00eda e Imagen\" width=\"618\" height=\"348\" src=\"https:\/\/www.youtube.com\/embed\/Z7dYLUk5e1Y?feature=oembed\" frameborder=\"0\" allow=\"accelerometer; autoplay; clipboard-write; encrypted-media; gyroscope; picture-in-picture; web-share\" referrerpolicy=\"strict-origin-when-cross-origin\" allowfullscreen><\/iframe>\n<\/div><\/figure>\n\n\n\n<p class=\"wp-block-paragraph\">\u201cLo m\u00e1s importante es seguir haciendo lo que sabemos hacer bien a la primera, con honor, con \u00e9tica, con buen desempe\u00f1o\u201d, afirm\u00f3. Reconoci\u00f3 que los errores son humanos, pero sostuvo que la <strong>disciplina cotidiana<\/strong> y el <strong>compromiso profesional<\/strong> son la verdadera recompensa tras d\u00e9cadas de trabajo.<\/p>\n\n\n\n<h2 class=\"wp-block-heading\"><strong>Una vocaci\u00f3n heredada<\/strong><\/h2>\n\n\n\n<p class=\"wp-block-paragraph\">La historia profesional del Dr. Rios est\u00e1 profundamente ligada a una tradici\u00f3n familiar. Su t\u00edo abuelo, el <strong>Dr. Bernardo Reina Torres<\/strong>, fue uno de los primeros radi\u00f3logos en la Ciudad de M\u00e9xico. Posteriormente, su padre, el <strong>Dr. Gustavo R\u00edos Sanmart\u00edn<\/strong>, fundador del <strong>Hospital 20 de Noviembre<\/strong> y formador de m\u00faltiples generaciones de m\u00e9dicos radi\u00f3logos, se convirti\u00f3 tambi\u00e9n en su maestro.<\/p>\n\n\n\n<p class=\"wp-block-paragraph\">Desde la infancia, recuerda el gabinete oscuro de fluoroscopia directa, con olor a revelador y fijador, que marc\u00f3 su imaginario profesional. Inici\u00f3 como T\u00e9cnico Radi\u00f3logo mientras estudiaba medicina por las noches, hasta completar su posgrado en Radiolog\u00eda e Imagen. La transici\u00f3n de estudiante a profesor fue una meta que logr\u00f3 con apoyo de maestros, colegas y su familia, especialmente su esposa, tambi\u00e9n m\u00e9dica.<\/p>\n\n\n\n<h2 class=\"wp-block-heading\"><strong>De la fluoroscopia directa a la inteligencia artificial<\/strong><\/h2>\n\n\n\n<p class=\"wp-block-paragraph\">Cuando realiz\u00f3 su residencia en 1981, en el <strong>Centro M\u00e9dico Nacional<\/strong>, no exist\u00eda tomograf\u00eda computada y el ultrasonido apenas comenzaba. Todo era rayos X convencionales y fluoroscopia.<\/p>\n\n\n\n<p class=\"wp-block-paragraph\">Durante tres d\u00e9cadas, la evoluci\u00f3n fue gradual; despu\u00e9s lleg\u00f3 la revoluci\u00f3n digital y, m\u00e1s recientemente, la inteligencia artificial. \u201cEl cambio ha sido abismal, para bien\u201d, sostuvo.<\/p>\n\n\n\n<p class=\"wp-block-paragraph\">Hoy, la calidad de imagen es m\u00e1s fina, con mayor detalle y profundidad. Para el Dr. Rios Reina, el radi\u00f3logo no \u201cve lesiones\u201d, sino im\u00e1genes que, con base en anatom\u00eda radiol\u00f3gica y conocimiento cl\u00ednico, permiten emitir impresiones diagn\u00f3sticas.<\/p>\n\n\n\n<h2 class=\"wp-block-heading\"><strong>Inteligencia artificial: herramienta, no reemplazo<\/strong><\/h2>\n\n\n\n<p class=\"wp-block-paragraph\">Frente al temor de sustituci\u00f3n tecnol\u00f3gica, fue categ\u00f3rico: <strong>la inteligencia artificial no reemplaza al radi\u00f3logo<\/strong>.<\/p>\n\n\n\n<p class=\"wp-block-paragraph\">\u201cNo es inteligencia. Es un servidor gigantesco con datos que se comparan con nuestras im\u00e1genes\u201d.<\/p>\n\n\n\n<p class=\"wp-block-paragraph\">La defini\u00f3 como una <strong>herramienta poderosa que mejora la precisi\u00f3n diagn\u00f3stica<\/strong>, pero que requiere bases cl\u00ednicas s\u00f3lidas. Sin conocimiento anat\u00f3mico y m\u00e9dico, ning\u00fan equipo, por sofisticado que sea, puede garantizar un <strong>diagn\u00f3stico adecuado<\/strong>.<\/p>\n\n\n\n<h2 class=\"wp-block-heading\"><a href=\"https:\/\/whatsapp.com\/channel\/0029Va6TK4xB4hdLadBUgV3d\">\u00daNETE A NUESTRO CANAL DE WHATSAPP. ONCOLOGIA.MX LA REVISTA DE LA COMUNIDAD M\u00c9DICA. PORQU\u00c9 LA SALUD ES PRIMERO<\/a><\/h2>\n\n\n\n<h2 class=\"wp-block-heading\"><strong>El futuro: fotones, nuevos detectores y terapias con <\/strong><strong>radioactivos inyectables<\/strong><strong><\/strong><\/h2>\n\n\n\n<p class=\"wp-block-paragraph\">El Dr. Jos\u00e9 Luis Rios Reina anticipa una transformaci\u00f3n continua: tomograf\u00eda con tecnolog\u00eda de fotones, nuevos detectores, resonancias m\u00e1s precisas, PET con radio n\u00facleos innovadores y terapias oncol\u00f3gicas con materiales radioactivos inyectables.<\/p>\n\n\n\n<p class=\"wp-block-paragraph\">El cambio, asegur\u00f3, ser\u00e1 diametral en los pr\u00f3ximos 5 a 10 a\u00f1os, posiblemente con im\u00e1genes tridimensionales y hologramas de alt\u00edsima definici\u00f3n. No se trata de innovaci\u00f3n por s\u00ed misma, sino de <strong>mejorar el diagn\u00f3stico y tratamiento<\/strong> de los pacientes.<\/p>\n\n\n\n<h2 class=\"wp-block-heading\"><strong>El futuro de la radiolog\u00eda: un llamado a la vocaci\u00f3n<\/strong><strong><\/strong><\/h2>\n\n\n\n<p class=\"wp-block-paragraph\">\u201cSer radi\u00f3logo es algo que se debe llevar muy adentro. Uno tiene que estar convencido de lo que estamos haciendo\u201d.<\/p>\n\n\n\n<p class=\"wp-block-paragraph\">Recomend\u00f3 bases cl\u00ednicas s\u00f3lidas en medicina interna, patolog\u00eda y anatom\u00eda. Defini\u00f3 la especialidad como \u201cmedicina interna en foto\u201d, una pr\u00e1ctica que exige comprensi\u00f3n integral del paciente.<\/p>\n\n\n\n<p class=\"wp-block-paragraph\">Finalmente, invit\u00f3 a los j\u00f3venes a acercarse sin temor al Consejo Mexicano de Radiolog\u00eda, a la federaci\u00f3n y a las sociedades cient\u00edficas, donde encontrar\u00e1n orientaci\u00f3n.<\/p>\n\n\n\n<blockquote class=\"wp-block-quote is-layout-flow wp-block-quote-is-layout-flow\">\n<p class=\"wp-block-paragraph\">Esta nota, as\u00ed como reportajes, entrevistas exclusivas, videos, podcast y m\u00e1s, los podr\u00e1s encontrar en nuestra pr\u00f3xima edici\u00f3n especial digital de <strong>Temas Selectos en Dispositivos M\u00e9dicos.<\/strong><\/p>\n\n\n\n<p class=\"wp-block-paragraph\"><strong>LaSalud.lat \/<\/strong> <strong><a href=\"http:\/\/lasalud.mx\" data-type=\"link\" data-id=\"lasalud.mx\">LaSalud.mx<\/a><\/strong> La Revista de la Comunidad M\u00e9dica.<\/p>\n\n\n\n<p class=\"wp-block-paragraph\">Visita algunas de nuestras ediciones especiales en <a href=\"https:\/\/issuu.com\/grupo-mundodehoy\"><\/a><a href=\"https:\/\/issuu.com\/grupo-mundodehoy\"><strong>https:\/\/issuu.com\/grupo-mundodehoy<\/strong><\/a><\/p>\n<\/blockquote>\n\n\n<div class=\"wp-block-image\">\n<figure class=\"aligncenter size-large\"><img decoding=\"async\" src=\"https:\/\/mundodehoy.com\/wp-content\/uploads\/2026\/02\/WhatsApp-Image-2026-01-16-at-09.06.53-808x1024.jpeg\" alt=\"\" class=\"wp-image-85731\"\/><\/figure>\n<\/div>\n\n<div class=\"wp-block-image\">\n<figure class=\"aligncenter size-full\"><img decoding=\"async\" src=\"https:\/\/mundodehoy.com\/wp-content\/uploads\/2026\/02\/edicion-febrero-oncologia.jpg\" alt=\"\" class=\"wp-image-85431\"\/><\/figure>\n<\/div>\n\n\n<p class=\"wp-block-paragraph\">D.E.<\/p>\n","protected":false},"excerpt":{"rendered":"<p>A lo largo de su carrera, el Dr. Rios Reina ha contribuido a la formaci\u00f3n de decenas de generaciones de especialistas, consolidando un legado acad\u00e9mico que trasciende la pr\u00e1ctica cl\u00ednica Por: Carlos Henze \/ Fotograf\u00eda: Lourdes Hurtado LaSalud.mx \/ Sanamente.mx \/ Oncologia.mx \/ LaSalud.lat, Ciudad de M\u00e9xico, 11 de abril de 2026 .- En el &hellip;<\/p>\n","protected":false},"author":2,"featured_media":85,"comment_status":"open","ping_status":"open","sticky":false,"template":"","format":"standard","meta":{"footnotes":""},"categories":[3,6,5],"tags":[256,257,68,258,237,259,260,239,261,241,21,218,225,226],"class_list":["post-84","post","type-post","status-publish","format-standard","has-post-thumbnail","","category-eventos","category-historias","category-voces","tag-bernardoreinatorres","tag-centromediconacional","tag-cmri","tag-consejoderadiologiaeimagen","tag-dispositivosmedicos","tag-gustavoriossanmartin","tag-hospital20denoviembre","tag-inteligenciaartificial","tag-joseluisriosreina","tag-lxcursointernacionalderadiologiaeimagen","tag-portada","tag-radiologia","tag-smri","tag-sociedadmexicanaderadiologiaeimagen"],"_links":{"self":[{"href":"https:\/\/lasalud.lat\/index.php?rest_route=\/wp\/v2\/posts\/84","targetHints":{"allow":["GET"]}}],"collection":[{"href":"https:\/\/lasalud.lat\/index.php?rest_route=\/wp\/v2\/posts"}],"about":[{"href":"https:\/\/lasalud.lat\/index.php?rest_route=\/wp\/v2\/types\/post"}],"author":[{"embeddable":true,"href":"https:\/\/lasalud.lat\/index.php?rest_route=\/wp\/v2\/users\/2"}],"replies":[{"embeddable":true,"href":"https:\/\/lasalud.lat\/index.php?rest_route=%2Fwp%2Fv2%2Fcomments&post=84"}],"version-history":[{"count":1,"href":"https:\/\/lasalud.lat\/index.php?rest_route=\/wp\/v2\/posts\/84\/revisions"}],"predecessor-version":[{"id":86,"href":"https:\/\/lasalud.lat\/index.php?rest_route=\/wp\/v2\/posts\/84\/revisions\/86"}],"wp:featuredmedia":[{"embeddable":true,"href":"https:\/\/lasalud.lat\/index.php?rest_route=\/wp\/v2\/media\/85"}],"wp:attachment":[{"href":"https:\/\/lasalud.lat\/index.php?rest_route=%2Fwp%2Fv2%2Fmedia&parent=84"}],"wp:term":[{"taxonomy":"category","embeddable":true,"href":"https:\/\/lasalud.lat\/index.php?rest_route=%2Fwp%2Fv2%2Fcategories&post=84"},{"taxonomy":"post_tag","embeddable":true,"href":"https:\/\/lasalud.lat\/index.php?rest_route=%2Fwp%2Fv2%2Ftags&post=84"}],"curies":[{"name":"wp","href":"https:\/\/api.w.org\/{rel}","templated":true}]}}