{"id":81,"date":"2026-04-12T02:28:40","date_gmt":"2026-04-12T02:28:40","guid":{"rendered":"https:\/\/lasalud.lat\/?p=81"},"modified":"2026-04-13T20:14:28","modified_gmt":"2026-04-13T20:14:28","slug":"inteligencia-artificial-redefine-la-radiologia-vision-del-dr-salvador-amezquita","status":"publish","type":"post","link":"https:\/\/lasalud.lat\/?p=81","title":{"rendered":"Inteligencia artificial redefine la radiolog\u00eda: visi\u00f3n del Dr. Salvador Am\u00e9zquita"},"content":{"rendered":"\n<p class=\"wp-block-paragraph\"><strong>En el marco del LX Curso Internacional de Radiolog\u00eda e Imagen, el Dr. Salvador Am\u00e9zquita posiciona la inteligencia artificial como un punto de inflexi\u00f3n en la pr\u00e1ctica diagn\u00f3stica<\/strong><\/p>\n\n\n\n<p class=\"wp-block-paragraph\"><em>Por: Carlos Henze \/ Fotograf\u00eda: Lourdes Hurtado<\/em><\/p>\n\n\n\n<p class=\"wp-block-paragraph\"><strong><a href=\"http:\/\/lasalud.mx\" data-type=\"link\" data-id=\"lasalud.mx\">LaSalud.mx<\/a> \/ <a href=\"http:\/\/sanamente.mx\" data-type=\"link\" data-id=\"sanamente.mx\">Sanamente.mx<\/a> \/ <\/strong><a href=\"http:\/\/oncologia.mx\"><strong>Oncologia.mx<\/strong><\/a><strong> \/ LaSalud.lat<\/strong><strong>, Ciudad de M\u00e9xico, 11 de abril de 2026 .-<\/strong>\u00a0 El <strong>LX Curso Internacional de Radiolog\u00eda e Imagen<\/strong>, organizado por la <strong>Sociedad Mexicana de Radiolog\u00eda e Imagen (SMRI)<\/strong>, se llev\u00f3 a cabo en la Ciudad de M\u00e9xico del <strong>5 al 7 de febrero<\/strong>, consolid\u00e1ndose como uno de los encuentros acad\u00e9micos m\u00e1s relevantes y tradicionales de la especialidad en el pa\u00eds. En su edici\u00f3n n\u00famero 60, el curso no solo celebr\u00f3 seis d\u00e9cadas de historia formativa, sino que puso en el centro del debate el impacto de la inteligencia artificial, la radiolog\u00eda intervencionista y los desaf\u00edos estructurales de recursos humanos en M\u00e9xico.<\/p>\n\n\n\n<p class=\"wp-block-paragraph\">En <strong>conversaci\u00f3n exclusiva para <a href=\"http:\/\/lasalud.mx\" data-type=\"link\" data-id=\"lasalud.mx\">LaSalud.mx<\/a> \/ <\/strong><a href=\"http:\/\/oncologia.mx\"><strong>Oncologia.mx<\/strong><\/a>, el <strong>Dr. Salvador Am\u00e9zquita P\u00e9rez<\/strong>, Presidente de la <strong>Sociedad Mexicana de Radiolog\u00eda e Imagen (SMRI)<\/strong> y radi\u00f3logo vascular e intervencionista, subray\u00f3 que esta edici\u00f3n marca un punto de inflexi\u00f3n tecnol\u00f3gico para la radiolog\u00eda nacional. \u201cVamos a tener un m\u00f3dulo completo sobre inteligencia artificial. Es una tecnolog\u00eda que ya nos alcanz\u00f3 y que nos tenemos que adecuar, aprender a vivir con ella\u201d, afirm\u00f3.<\/p>\n\n\n\n<p class=\"wp-block-paragraph\">En paralelo a este curso, tambi\u00e9n se llev\u00f3 a cabo el <strong>XXXVIII Encuentro Internacional de Residentes en Radiolog\u00eda<\/strong>, reafirmando el car\u00e1cter formativo de la SMRI.<\/p>\n\n\n\n<figure class=\"wp-block-embed is-type-video is-provider-youtube wp-block-embed-youtube wp-embed-aspect-16-9 wp-has-aspect-ratio\"><div class=\"wp-block-embed__wrapper\">\n<iframe loading=\"lazy\" title=\"Dr. Salvador Am\u00e9zquita en LX Curso Internacional De Radiolog\u00eda e Imagen: IA y pr\u00e1ctica diagn\u00f3stica\" width=\"618\" height=\"348\" src=\"https:\/\/www.youtube.com\/embed\/3T_6HPCHR9Y?feature=oembed\" frameborder=\"0\" allow=\"accelerometer; autoplay; clipboard-write; encrypted-media; gyroscope; picture-in-picture; web-share\" referrerpolicy=\"strict-origin-when-cross-origin\" allowfullscreen><\/iframe>\n<\/div><\/figure>\n\n\n\n<p class=\"wp-block-paragraph\">Con aproximadamente <strong>300 inscritos formales<\/strong> y una asistencia cercana a <strong>180 participantes en sala<\/strong>, el evento congreg\u00f3 tanto a especialistas consolidados como a radi\u00f3logos en formaci\u00f3n.<\/p>\n\n\n\n<p class=\"wp-block-paragraph\">La SMRI mantiene un enfoque estrictamente educacional mediante:<\/p>\n\n\n\n<ul class=\"wp-block-list\">\n<li>Cursos y congresos anuales<\/li>\n\n\n\n<li>Dos sesiones acad\u00e9micas mensuales (una liderada por residentes y otra por especialistas)<\/li>\n\n\n\n<li>Transmisi\u00f3n en streaming gratuita, abierta a socios y no socios<\/li>\n<\/ul>\n\n\n\n<h2 class=\"wp-block-heading\"><a href=\"https:\/\/whatsapp.com\/channel\/0029VaBL9vs7YSd02T2Y8h3t\">\u00daNETE A NUESTRO CANAL DE WHATSAPP. LASALUD.MX LA REVISTA DE LA COMUNIDAD M\u00c9DICA. PORQU\u00c9 LA SALUD ES PRIMERO<\/a><\/h2>\n\n\n\n<h2 class=\"wp-block-heading\"><strong>Inteligencia Artificial: herramienta estrat\u00e9gica ante la escasez de Radi\u00f3logos<\/strong><\/h2>\n\n\n\n<p class=\"wp-block-paragraph\">El Dr. Salvador Am\u00e9zquita reconoci\u00f3 que uno de los principales problemas en M\u00e9xico \u2014y en otras regiones del mundo\u2014 es la insuficiencia de radi\u00f3logos frente al volumen creciente de estudios de imagen.<\/p>\n\n\n\n<p class=\"wp-block-paragraph\">\u201cEstamos rebasados. El n\u00famero de radi\u00f3logos no es suficiente para atender la demanda\u201d, se\u00f1al\u00f3.<\/p>\n\n\n\n<p class=\"wp-block-paragraph\">En este contexto, la inteligencia artificial no sustituye al especialista, sino que optimiza flujos de trabajo, prioriza estudios y mejora la eficiencia diagn\u00f3stica. Ya existen protocolos implementados en m\u00faltiples centros para:<\/p>\n\n\n\n<ul class=\"wp-block-list\">\n<li>Tamizaje y detecci\u00f3n en patolog\u00eda mamaria<\/li>\n\n\n\n<li>Identificaci\u00f3n de n\u00f3dulos pulmonares<\/li>\n\n\n\n<li>Evaluaci\u00f3n de lesiones \u00f3seas<\/li>\n<\/ul>\n\n\n\n<p class=\"wp-block-paragraph\">Estas aplicaciones permiten acelerar la interpretaci\u00f3n y contribuir a una atenci\u00f3n m\u00e1s oportuna.<\/p>\n\n\n\n<h2 class=\"wp-block-heading\"><strong>Desigualdad territorial y telemedicina<\/strong><\/h2>\n\n\n\n<p class=\"wp-block-paragraph\">M\u00e9xico presenta una distribuci\u00f3n desigual de especialistas: la mayor\u00eda de los radi\u00f3logos se concentran en la Ciudad de M\u00e9xico y zona conurbada, mientras que en estados del interior la escasez es mayor.<\/p>\n\n\n\n<p class=\"wp-block-paragraph\">Herramientas como la telemedicina y la inteligencia artificial permiten ampliar la cobertura diagn\u00f3stica hacia regiones que requieren experiencia especializada. La interpretaci\u00f3n a distancia se perfila como un mecanismo clave para reducir brechas de acceso.<\/p>\n\n\n\n<h2 class=\"wp-block-heading\"><strong>Radiolog\u00eda intervencionista: de diagn\u00f3stico a terap\u00e9utica<\/strong><\/h2>\n\n\n\n<p class=\"wp-block-paragraph\">Como radi\u00f3logo vascular e intervencionista, el Dr. Am\u00e9zquita P\u00e9rez enfatiz\u00f3 que la radiolog\u00eda ya no se limita al diagn\u00f3stico.<\/p>\n\n\n\n<p class=\"wp-block-paragraph\">\u201cLa radiolog\u00eda intervencionista permite realizar procedimientos m\u00ednimamente invasivos que resuelven problemas de salud sin cirug\u00eda abierta, sin anestesia mayor y con recuperaci\u00f3n m\u00e1s r\u00e1pida\u201d.<\/p>\n\n\n\n<p class=\"wp-block-paragraph\">Esta transici\u00f3n hacia una especialidad diagn\u00f3stico-terap\u00e9utica redefine el papel del radi\u00f3logo dentro del equipo m\u00e9dico multidisciplinario.<\/p>\n\n\n\n<h2 class=\"wp-block-heading\"><a href=\"https:\/\/whatsapp.com\/channel\/0029Va6TK4xB4hdLadBUgV3d\">\u00daNETE A NUESTRO CANAL DE WHATSAPP. ONCOLOGIA.MX LA REVISTA DE LA COMUNIDAD M\u00c9DICA. PORQU\u00c9 LA SALUD ES PRIMERO<\/a><\/h2>\n\n\n\n<h2 class=\"wp-block-heading\"><strong>Alianzas internacionales y visi\u00f3n global<\/strong><\/h2>\n\n\n\n<p class=\"wp-block-paragraph\">El LX Curso cont\u00f3 con ponentes de la <strong>Asociaci\u00f3n Colombiana de Radiolog\u00eda<\/strong>, la visita del presidente actual de la <strong>Radiological Society of North America (RSNA)<\/strong>, as\u00ed como representantes de la <strong>Sociedad Francesa de Radiolog\u00eda<\/strong>, la <strong>Sociedad Argentina de Radiolog\u00eda<\/strong>, la <strong>SERAM (Sociedad Espa\u00f1ola de Radiolog\u00eda M\u00e9dica)<\/strong> y la <strong>Sociedad Europea de Radiolog\u00eda<\/strong>.<\/p>\n\n\n\n<p class=\"wp-block-paragraph\">Estas alianzas fortalecen la actualizaci\u00f3n cient\u00edfica y posicionan a la SMRI dentro de una red internacional de intercambio acad\u00e9mico.<\/p>\n\n\n\n<h2 class=\"wp-block-heading\"><strong>Evoluci\u00f3n acelerada de la especialidad<\/strong><\/h2>\n\n\n\n<p class=\"wp-block-paragraph\">Graduado en 2007, el Dr. Am\u00e9zquita reconoci\u00f3 que la radiolog\u00eda actual es radicalmente distinta a la que \u00e9l estudi\u00f3.<\/p>\n\n\n\n<p class=\"wp-block-paragraph\">\u201cEl avance es abismal. La radiolog\u00eda que yo aprend\u00ed no tiene nada que ver con la que est\u00e1n aprendiendo hoy los residentes\u201d.<\/p>\n\n\n\n<p class=\"wp-block-paragraph\">De cara a los pr\u00f3ximos 5 a 10 a\u00f1os, prev\u00e9 que la especialidad continuar\u00e1 evolucionando en paralelo con los desarrollos tecnol\u00f3gicos, consolid\u00e1ndose como una de las \u00e1reas m\u00e9dicas m\u00e1s din\u00e1micas.<\/p>\n\n\n\n<h2 class=\"wp-block-heading\"><strong>Mensaje a los j\u00f3venes m\u00e9dicos<\/strong><\/h2>\n\n\n\n<p class=\"wp-block-paragraph\">El presidente de la SMRI invit\u00f3 a los m\u00e9dicos en formaci\u00f3n a considerar la radiolog\u00eda como una especialidad integral, que exige conocimientos amplios en anatom\u00eda, fisiolog\u00eda, pediatr\u00eda, ginecolog\u00eda, cirug\u00eda, medicina interna y endocrinolog\u00eda.<\/p>\n\n\n\n<p class=\"wp-block-paragraph\">\u201cEs una especialidad muy completa. Nadie se va a arrepentir si la escoge\u201d.<\/p>\n\n\n\n<blockquote class=\"wp-block-quote is-layout-flow wp-block-quote-is-layout-flow\">\n<p class=\"wp-block-paragraph\">Esta nota, as\u00ed como reportajes, entrevistas exclusivas, videos, podcast y m\u00e1s, los podr\u00e1s encontrar en nuestra pr\u00f3xima edici\u00f3n especial digital de <strong>Temas Selectos en Oncolog\u00eda 2026<\/strong>.<\/p>\n\n\n\n<p class=\"wp-block-paragraph\"><strong>LaSalud.lat \/<\/strong> <strong><a href=\"http:\/\/lasalud.mx\" data-type=\"link\" data-id=\"lasalud.mx\">LaSalud.mx<\/a><\/strong> La Revista de la Comunidad M\u00e9dica.<\/p>\n\n\n\n<p class=\"wp-block-paragraph\">Visita algunas de nuestras ediciones especiales en <a href=\"https:\/\/issuu.com\/grupo-mundodehoy\"><\/a><a href=\"https:\/\/issuu.com\/grupo-mundodehoy\"><strong>https:\/\/issuu.com\/grupo-mundodehoy<\/strong><\/a><\/p>\n<\/blockquote>\n\n\n<div class=\"wp-block-image\">\n<figure class=\"aligncenter size-full\"><img decoding=\"async\" src=\"https:\/\/mundodehoy.com\/wp-content\/uploads\/2026\/02\/WhatsApp-Image-2026-02-04-at-18.01.27.jpeg\" alt=\"\" class=\"wp-image-85432\"\/><\/figure>\n<\/div>\n\n\n<p class=\"wp-block-paragraph\">D.E.<\/p>\n","protected":false},"excerpt":{"rendered":"<p>En el marco del LX Curso Internacional de Radiolog\u00eda e Imagen, el Dr. Salvador Am\u00e9zquita posiciona la inteligencia artificial como un punto de inflexi\u00f3n en la pr\u00e1ctica diagn\u00f3stica Por: Carlos Henze \/ Fotograf\u00eda: Lourdes Hurtado LaSalud.mx \/ Sanamente.mx \/ Oncologia.mx \/ LaSalud.lat, Ciudad de M\u00e9xico, 11 de abril de 2026 .-\u00a0 El LX Curso Internacional &hellip;<\/p>\n","protected":false},"author":2,"featured_media":82,"comment_status":"open","ping_status":"open","sticky":false,"template":"","format":"standard","meta":{"footnotes":""},"categories":[3,16,5],"tags":[248,249,250,241,21,89,86,223,251,225,252,253,255,254,226],"class_list":["post-81","post","type-post","status-publish","format-standard","has-post-thumbnail","","category-eventos","category-ia","category-voces","tag-acr","tag-asociacioncolombianaderadiologia","tag-encuentrointernacionalderesidentesenradiologia","tag-lxcursointernacionalderadiologiaeimagen","tag-portada","tag-radiologicalsocietyofnorthamerica","tag-rsna","tag-salvadoramezquitaperez","tag-seram","tag-smri","tag-sociedadargentinaderadiologia","tag-sociedadespanoladeradiologiamedica","tag-sociedadeuropeaderadiologia","tag-sociedadfrancesaderadiologia","tag-sociedadmexicanaderadiologiaeimagen"],"_links":{"self":[{"href":"https:\/\/lasalud.lat\/index.php?rest_route=\/wp\/v2\/posts\/81","targetHints":{"allow":["GET"]}}],"collection":[{"href":"https:\/\/lasalud.lat\/index.php?rest_route=\/wp\/v2\/posts"}],"about":[{"href":"https:\/\/lasalud.lat\/index.php?rest_route=\/wp\/v2\/types\/post"}],"author":[{"embeddable":true,"href":"https:\/\/lasalud.lat\/index.php?rest_route=\/wp\/v2\/users\/2"}],"replies":[{"embeddable":true,"href":"https:\/\/lasalud.lat\/index.php?rest_route=%2Fwp%2Fv2%2Fcomments&post=81"}],"version-history":[{"count":1,"href":"https:\/\/lasalud.lat\/index.php?rest_route=\/wp\/v2\/posts\/81\/revisions"}],"predecessor-version":[{"id":83,"href":"https:\/\/lasalud.lat\/index.php?rest_route=\/wp\/v2\/posts\/81\/revisions\/83"}],"wp:featuredmedia":[{"embeddable":true,"href":"https:\/\/lasalud.lat\/index.php?rest_route=\/wp\/v2\/media\/82"}],"wp:attachment":[{"href":"https:\/\/lasalud.lat\/index.php?rest_route=%2Fwp%2Fv2%2Fmedia&parent=81"}],"wp:term":[{"taxonomy":"category","embeddable":true,"href":"https:\/\/lasalud.lat\/index.php?rest_route=%2Fwp%2Fv2%2Fcategories&post=81"},{"taxonomy":"post_tag","embeddable":true,"href":"https:\/\/lasalud.lat\/index.php?rest_route=%2Fwp%2Fv2%2Ftags&post=81"}],"curies":[{"name":"wp","href":"https:\/\/api.w.org\/{rel}","templated":true}]}}