{"id":78,"date":"2026-04-12T02:25:27","date_gmt":"2026-04-12T02:25:27","guid":{"rendered":"https:\/\/lasalud.lat\/?p=78"},"modified":"2026-04-12T02:25:27","modified_gmt":"2026-04-12T02:25:27","slug":"inmegen-impulsa-nueva-agenda-en-oncologia-pediatrica","status":"publish","type":"post","link":"https:\/\/lasalud.lat\/?p=78","title":{"rendered":"INMEGEN impulsa nueva agenda en oncolog\u00eda pedi\u00e1trica"},"content":{"rendered":"\n<p class=\"wp-block-paragraph\"><strong>El Instituto Nacional de Medicina Gen\u00f3mica inaugur\u00f3 su 3er Simposio de C\u00e1ncer Infantil como un espacio estrat\u00e9gico para integrar investigaci\u00f3n gen\u00f3mica, pr\u00e1ctica cl\u00ednica y formaci\u00f3n especializada<\/strong><\/p>\n\n\n\n<p class=\"wp-block-paragraph\"><em>Por: Redacci\u00f3n<\/em> \/ <em>Fotograf\u00eda: Daniela Escartin<\/em><\/p>\n\n\n\n<p class=\"wp-block-paragraph\"><strong><a href=\"http:\/\/lasalud.mx\" data-type=\"link\" data-id=\"lasalud.mx\">LaSalud.mx<\/a> \/ LaSalud.lat, Ciudad de M\u00e9xico, 11 de abril de 2026 .-<\/strong> Con el prop\u00f3sito de <strong>impulsar una atenci\u00f3n integral, equitativa y basada en evidencia cient\u00edfica<\/strong>, el <strong>Instituto Nacional de Medicina Gen\u00f3mica (INMEGEN)<\/strong> dio inicio a los trabajos del <strong>Tercer Simposio de C\u00e1ncer Infantil<\/strong>, un encuentro acad\u00e9mico que congrega a especialistas, personal de salud, investigadoras, investigadores y estudiantes de diversas instituciones del pa\u00eds.<\/p>\n\n\n\n<p class=\"wp-block-paragraph\">El simposio se desarrolla como un espacio de <strong>intercambio cient\u00edfico y colaboraci\u00f3n institucional<\/strong>, orientado a analizar los retos actuales y las oportunidades que ofrecen la <strong>medicina gen\u00f3mica<\/strong>, las <strong>ciencias \u00f3micas<\/strong> y las <strong>nuevas tecnolog\u00edas<\/strong> en el abordaje del c\u00e1ncer pedi\u00e1trico.<\/p>\n\n\n\n<figure class=\"wp-block-gallery has-nested-images columns-default is-cropped wp-block-gallery-1 is-layout-flex wp-block-gallery-is-layout-flex\">\n<figure class=\"wp-block-image size-large\"><img decoding=\"async\" data-id=\"77239\" src=\"https:\/\/lasalud.mx\/wp-content\/uploads\/2026\/02\/WhatsApp-Image-2026-02-25-at-14.58.48-2-1024x683.jpeg\" alt=\"\" class=\"wp-image-77239\"\/><\/figure>\n\n\n\n<figure class=\"wp-block-image size-large\"><img decoding=\"async\" data-id=\"77241\" src=\"https:\/\/lasalud.mx\/wp-content\/uploads\/2026\/02\/WhatsApp-Image-2026-02-25-at-14.58.48-1024x683.jpeg\" alt=\"\" class=\"wp-image-77241\"\/><\/figure>\n\n\n\n<figure class=\"wp-block-image size-large\"><img decoding=\"async\" data-id=\"77237\" src=\"https:\/\/lasalud.mx\/wp-content\/uploads\/2026\/02\/WhatsApp-Image-2026-02-25-at-14.58.49-1-1024x683.jpeg\" alt=\"\" class=\"wp-image-77237\"\/><\/figure>\n\n\n\n<figure class=\"wp-block-image size-large\"><img decoding=\"async\" data-id=\"77235\" src=\"https:\/\/lasalud.mx\/wp-content\/uploads\/2026\/02\/WhatsApp-Image-2026-02-25-at-14.58.49-3-1024x683.jpeg\" alt=\"\" class=\"wp-image-77235\"\/><\/figure>\n\n\n\n<figure class=\"wp-block-image size-large\"><img decoding=\"async\" data-id=\"77233\" src=\"https:\/\/lasalud.mx\/wp-content\/uploads\/2026\/02\/WhatsApp-Image-2026-02-25-at-14.58.50-1-1024x683.jpeg\" alt=\"\" class=\"wp-image-77233\"\/><\/figure>\n<\/figure>\n\n\n\n<h2 class=\"wp-block-heading\">Mensajes inaugurales: ciencia con impacto en la pr\u00e1ctica cl\u00ednica<\/h2>\n\n\n\n<p class=\"wp-block-paragraph\">Durante la ceremonia inaugural, el <strong>Dr.<\/strong> <strong>Carlos Arturo Hinojosa Becerril<\/strong>, titular del Inmegen, subray\u00f3 la importancia de <strong>consolidar foros acad\u00e9micos<\/strong> que contribuyan a una atenci\u00f3n <strong>m\u00e1s oportuna y equitativa<\/strong> para ni\u00f1as y ni\u00f1os con c\u00e1ncer en M\u00e9xico.<\/p>\n\n\n\n<p class=\"wp-block-paragraph\">En su intervenci\u00f3n, el <strong>director general del Inmegen<\/strong>, <strong>Jorge Mel\u00e9ndez Zajgla<\/strong>, contextualiz\u00f3 la magnitud del reto oncol\u00f3gico pedi\u00e1trico al se\u00f1alar que <strong>en M\u00e9xico se registran alrededor de 150 nuevos casos de c\u00e1ncer por cada mil ni\u00f1as y ni\u00f1os nacidos<\/strong>, cifra que refuerza la necesidad de <strong>diagn\u00f3stico temprano, tratamiento integral y continuidad en la atenci\u00f3n<\/strong>.<\/p>\n\n\n\n<p class=\"wp-block-paragraph\">\u201cDebemos traducir el conocimiento cient\u00edfico en acciones concretas que impacten directamente en la vida de nuestros pacientes\u201d, expres\u00f3.<\/p>\n\n\n\n<h2 class=\"wp-block-heading\"><a href=\"https:\/\/whatsapp.com\/channel\/0029VaBL9vs7YSd02T2Y8h3t\">\u00daNETE A NUESTRO CANAL DE WHATSAPP. LASALUD.MX LA REVISTA DE LA COMUNIDAD M\u00c9DICA. PORQU\u00c9 LA SALUD ES PRIMERO<\/a><\/h2>\n\n\n\n<h2 class=\"wp-block-heading\">Gen\u00f3mica y ciencias \u00f3micas como pilares de la oncolog\u00eda pedi\u00e1trica<\/h2>\n\n\n\n<p class=\"wp-block-paragraph\">Mel\u00e9ndez Zajgla destac\u00f3 que la <strong>medicina gen\u00f3mica y las ciencias \u00f3micas<\/strong> se han consolidado como <strong>herramientas centrales de la oncolog\u00eda pedi\u00e1trica contempor\u00e1nea<\/strong>. En este sentido, se\u00f1al\u00f3 que el INMEGEN cuenta con <strong>plataformas avanzadas de secuenciaci\u00f3n y an\u00e1lisis<\/strong>, capaces de <strong>acelerar procesos diagn\u00f3sticos, reducir costos y ampliar el acceso a la medicina de precisi\u00f3n<\/strong> para la poblaci\u00f3n infantil.<\/p>\n\n\n\n<p class=\"wp-block-paragraph\">\u201cNuestro compromiso es que la informaci\u00f3n gen\u00f3mica no se quede en los laboratorios, sino que llegue al consultorio y a la cabecera de cada ni\u00f1a y ni\u00f1o con c\u00e1ncer\u201d, enfatiz\u00f3.<\/p>\n\n\n\n<figure class=\"wp-block-gallery has-nested-images columns-default is-cropped wp-block-gallery-2 is-layout-flex wp-block-gallery-is-layout-flex\">\n<figure class=\"wp-block-image size-large\"><img decoding=\"async\" data-id=\"77231\" src=\"https:\/\/lasalud.mx\/wp-content\/uploads\/2026\/02\/WhatsApp-Image-2026-02-25-at-14.58.51-1024x683.jpeg\" alt=\"\" class=\"wp-image-77231\"\/><\/figure>\n\n\n\n<figure class=\"wp-block-image size-large\"><img decoding=\"async\" data-id=\"77234\" src=\"https:\/\/lasalud.mx\/wp-content\/uploads\/2026\/02\/WhatsApp-Image-2026-02-25-at-14.58.50-1024x683.jpeg\" alt=\"\" class=\"wp-image-77234\"\/><\/figure>\n\n\n\n<figure class=\"wp-block-image size-large\"><img decoding=\"async\" data-id=\"77226\" src=\"https:\/\/lasalud.mx\/wp-content\/uploads\/2026\/02\/WhatsApp-Image-2026-02-25-at-14.58.51-4-1024x683.jpeg\" alt=\"\" class=\"wp-image-77226\"\/><\/figure>\n\n\n\n<figure class=\"wp-block-image size-large\"><img decoding=\"async\" data-id=\"77229\" src=\"https:\/\/lasalud.mx\/wp-content\/uploads\/2026\/02\/WhatsApp-Image-2026-02-25-at-14.58.51-1-1024x683.jpeg\" alt=\"\" class=\"wp-image-77229\"\/><\/figure>\n<\/figure>\n\n\n\n<h2 class=\"wp-block-heading\">Agenda cient\u00edfica y articulaci\u00f3n institucional<\/h2>\n\n\n\n<p class=\"wp-block-paragraph\">El <strong>Tercer Simposio de C\u00e1ncer Infantil<\/strong>, que se lleva a cabo <strong>del 25 al 27 de febrero de 2026<\/strong>, contempla una agenda acad\u00e9mica centrada en <strong>edici\u00f3n gen\u00f3mica, biobancos, inteligencia artificial aplicada al tratamiento, epidemiolog\u00eda gen\u00e9tica y terapias dirigidas<\/strong>.<\/p>\n\n\n\n<p class=\"wp-block-paragraph\">La participaci\u00f3n de representantes del <strong>Hospital Infantil de M\u00e9xico Federico G\u00f3mez<\/strong>, el <strong>Instituto Nacional de Pediatr\u00eda<\/strong> y hospitales del <strong>IMSS Bienestar<\/strong> fortalece la <strong>articulaci\u00f3n interinstitucional<\/strong>, orientada a consolidar una <strong>atenci\u00f3n oncol\u00f3gica pedi\u00e1trica con alto rigor cient\u00edfico<\/strong>.<\/p>\n\n\n\n<h2 class=\"wp-block-heading\">Compromiso con la formaci\u00f3n y la investigaci\u00f3n<\/h2>\n\n\n\n<p class=\"wp-block-paragraph\">Con la realizaci\u00f3n de este simposio, las instituciones de salud <strong>reafirman su compromiso<\/strong> con el <strong>impulso a la investigaci\u00f3n<\/strong>, la <strong>formaci\u00f3n de recursos humanos especializados<\/strong> y la <strong>transferencia efectiva del conocimiento cient\u00edfico<\/strong> hacia la pr\u00e1ctica cl\u00ednica, con el objetivo de <strong>mejorar las oportunidades de vida<\/strong> de ni\u00f1as y ni\u00f1os con c\u00e1ncer en M\u00e9xico.<\/p>\n\n\n\n<figure class=\"wp-block-gallery has-nested-images columns-default is-cropped wp-block-gallery-3 is-layout-flex wp-block-gallery-is-layout-flex\">\n<figure class=\"wp-block-image size-large\"><img decoding=\"async\" data-id=\"77223\" src=\"https:\/\/lasalud.mx\/wp-content\/uploads\/2026\/02\/WhatsApp-Image-2026-02-25-at-14.58.52-1-1024x683.jpeg\" alt=\"\" class=\"wp-image-77223\"\/><\/figure>\n\n\n\n<figure class=\"wp-block-image size-large\"><img decoding=\"async\" data-id=\"77224\" src=\"https:\/\/lasalud.mx\/wp-content\/uploads\/2026\/02\/WhatsApp-Image-2026-02-25-at-14.58.52-1024x683.jpeg\" alt=\"\" class=\"wp-image-77224\"\/><\/figure>\n\n\n\n<figure class=\"wp-block-image size-large\"><img decoding=\"async\" data-id=\"77225\" src=\"https:\/\/lasalud.mx\/wp-content\/uploads\/2026\/02\/WhatsApp-Image-2026-02-25-at-14.58.51-5-1024x683.jpeg\" alt=\"\" class=\"wp-image-77225\"\/><\/figure>\n\n\n\n<figure class=\"wp-block-image size-large\"><img decoding=\"async\" data-id=\"77232\" src=\"https:\/\/lasalud.mx\/wp-content\/uploads\/2026\/02\/WhatsApp-Image-2026-02-25-at-14.58.50-2-1024x683.jpeg\" alt=\"\" class=\"wp-image-77232\"\/><\/figure>\n<\/figure>\n\n\n\n<h2 class=\"wp-block-heading\">Asistentes a la inauguraci\u00f3n<\/h2>\n\n\n\n<p class=\"wp-block-paragraph\">A la inauguraci\u00f3n del <strong>Tercer Simposio de C\u00e1ncer Infantil<\/strong> asistieron el <strong>director general del Hospital Infantil de M\u00e9xico \u201cFederico G\u00f3mez\u201d<\/strong>, <strong>Adri\u00e1n Ch\u00e1vez L\u00f3pez<\/strong>; la <strong>directora general del Instituto Nacional de Pediatr\u00eda<\/strong>, <strong>Mercedes Mac\u00edas Parra<\/strong>; la <strong>subdirectora de Hemato-Oncolog\u00eda del INP<\/strong>, <strong>Karla Maldonado Silva<\/strong>; el <strong>director de Investigaci\u00f3n del INMEGEN<\/strong>, <strong>Emilio Joaqu\u00edn C\u00f3rdova Alarc\u00f3n<\/strong>; y el <strong>director del Hospital Pedi\u00e1trico Moctezuma del IMSS Bienestar<\/strong>, <strong>V\u00edctor Hugo Portugal<\/strong>, entre otros asistentes.<\/p>\n\n\n\n<blockquote class=\"wp-block-quote is-layout-flow wp-block-quote-is-layout-flow\">\n<p class=\"wp-block-paragraph\">Esta nota, as\u00ed como reportajes, entrevistas exclusivas, videos, podcast y m\u00e1s, los podr\u00e1s encontrar en nuestra pr\u00f3xima edici\u00f3n especial digital de <strong>Temas Selectos en Enfermedades Raras 2026.<\/strong><\/p>\n\n\n\n<p class=\"wp-block-paragraph\"><strong>LaSalud.lat \/<\/strong> <a href=\"http:\/\/www.lasalud.mx\"><strong>LaSalud.mx<\/strong><\/a> La Revista de la Comunidad M\u00e9dica.<\/p>\n\n\n\n<p class=\"wp-block-paragraph\">Visita algunas de nuestras ediciones especiales en <a href=\"https:\/\/issuu.com\/grupo-mundodehoy\"><strong>https:\/\/issuu.com\/grupo-mundodehoy<\/strong><\/a><\/p>\n<\/blockquote>\n\n\n<div class=\"wp-block-image\">\n<figure class=\"aligncenter size-full\"><img decoding=\"async\" src=\"https:\/\/lasalud.mx\/wp-content\/uploads\/2026\/02\/enfermedades-raras-20206-2.jpg\" alt=\"\" class=\"wp-image-77165\"\/><\/figure>\n<\/div>\n\n\n<p class=\"wp-block-paragraph\">D.E.<\/p>\n","protected":false},"excerpt":{"rendered":"<p>El Instituto Nacional de Medicina Gen\u00f3mica inaugur\u00f3 su 3er Simposio de C\u00e1ncer Infantil como un espacio estrat\u00e9gico para integrar investigaci\u00f3n gen\u00f3mica, pr\u00e1ctica cl\u00ednica y formaci\u00f3n especializada Por: Redacci\u00f3n \/ Fotograf\u00eda: Daniela Escartin LaSalud.mx \/ LaSalud.lat, Ciudad de M\u00e9xico, 11 de abril de 2026 .- Con el prop\u00f3sito de impulsar una atenci\u00f3n integral, equitativa y basada &hellip;<\/p>\n","protected":false},"author":2,"featured_media":79,"comment_status":"open","ping_status":"open","sticky":false,"template":"","format":"standard","meta":{"footnotes":""},"categories":[2,3,7],"tags":[245,246,247,244,21],"class_list":["post-78","post","type-post","status-publish","format-standard","has-post-thumbnail","","category-especiales","category-eventos","category-oncologia","tag-carlosarturohinojosabecerril","tag-inmegen","tag-institutonacionaldecienciasgenomicas","tag-jorgemelendezzajgla","tag-portada"],"_links":{"self":[{"href":"https:\/\/lasalud.lat\/index.php?rest_route=\/wp\/v2\/posts\/78","targetHints":{"allow":["GET"]}}],"collection":[{"href":"https:\/\/lasalud.lat\/index.php?rest_route=\/wp\/v2\/posts"}],"about":[{"href":"https:\/\/lasalud.lat\/index.php?rest_route=\/wp\/v2\/types\/post"}],"author":[{"embeddable":true,"href":"https:\/\/lasalud.lat\/index.php?rest_route=\/wp\/v2\/users\/2"}],"replies":[{"embeddable":true,"href":"https:\/\/lasalud.lat\/index.php?rest_route=%2Fwp%2Fv2%2Fcomments&post=78"}],"version-history":[{"count":1,"href":"https:\/\/lasalud.lat\/index.php?rest_route=\/wp\/v2\/posts\/78\/revisions"}],"predecessor-version":[{"id":80,"href":"https:\/\/lasalud.lat\/index.php?rest_route=\/wp\/v2\/posts\/78\/revisions\/80"}],"wp:featuredmedia":[{"embeddable":true,"href":"https:\/\/lasalud.lat\/index.php?rest_route=\/wp\/v2\/media\/79"}],"wp:attachment":[{"href":"https:\/\/lasalud.lat\/index.php?rest_route=%2Fwp%2Fv2%2Fmedia&parent=78"}],"wp:term":[{"taxonomy":"category","embeddable":true,"href":"https:\/\/lasalud.lat\/index.php?rest_route=%2Fwp%2Fv2%2Fcategories&post=78"},{"taxonomy":"post_tag","embeddable":true,"href":"https:\/\/lasalud.lat\/index.php?rest_route=%2Fwp%2Fv2%2Ftags&post=78"}],"curies":[{"name":"wp","href":"https:\/\/api.w.org\/{rel}","templated":true}]}}