{"id":75,"date":"2026-04-12T02:20:41","date_gmt":"2026-04-12T02:20:41","guid":{"rendered":"https:\/\/lasalud.lat\/?p=75"},"modified":"2026-04-13T20:13:41","modified_gmt":"2026-04-13T20:13:41","slug":"del-pixel-al-dato-una-nueva-logica-diagnostica-en-medicina","status":"publish","type":"post","link":"https:\/\/lasalud.lat\/?p=75","title":{"rendered":"Del p\u00edxel al dato: una nueva l\u00f3gica diagn\u00f3stica en medicina"},"content":{"rendered":"\n<p class=\"wp-block-paragraph\"><strong>Durante el LX Curso Internacional de Radiolog\u00eda e Imagen, Juli\u00e1n Retavizca plante\u00f3 un cambio de paradigma: el diagn\u00f3stico ya no se basa solo en im\u00e1genes, sino en la integraci\u00f3n de datos, algoritmos y decisiones cl\u00ednicas<\/strong><\/p>\n\n\n\n<p class=\"wp-block-paragraph\"><em>Por: Carlos Henze \/ Fotograf\u00eda: Daniela Escartin<\/em><\/p>\n\n\n\n<p class=\"wp-block-paragraph\"><strong><a href=\"http:\/\/lasalud.mx\" data-type=\"link\" data-id=\"lasalud.mx\">LaSalud.mx<\/a> \/ <a href=\"http:\/\/sanamente.mx\" data-type=\"link\" data-id=\"sanamente.mx\">Sanamente.mx<\/a> \/ <\/strong><a href=\"http:\/\/oncologia.mx\"><strong>Oncologia.mx<\/strong><\/a><strong> \/ LaSalud.lat<\/strong><strong>, Ciudad de M\u00e9xico, 11 de abril de 2026 .-<\/strong> Durante el <strong>LX Curso Internacional de Radiolog\u00eda e Imagen<\/strong>, organizado por la <strong>Sociedad Mexicana de Radiolog\u00eda e Imagen (SMRI)<\/strong> y celebrado en la Ciudad de M\u00e9xico del 5 al 7 de febrero, el licenciado en Im\u00e1genes Diagn\u00f3sticas <strong>Juli\u00e1n Retavizca<\/strong> present\u00f3 la conferencia titulada <em>\u201cDatos, algoritmos y decisiones. La neuroanatom\u00eda del diagn\u00f3stico\u201d<\/em>, una propuesta conceptual que reconfigura el entendimiento contempor\u00e1neo de la tomograf\u00eda computarizada y la inteligencia artificial en medicina.<\/p>\n\n\n\n<p class=\"wp-block-paragraph\">En <strong>entrevista exclusiva para <a href=\"http:\/\/lasalud.mx\" data-type=\"link\" data-id=\"lasalud.mx\">LaSalud.mx<\/a> \/ <\/strong><a href=\"http:\/\/oncologia.mx\"><strong>Oncologia.mx<\/strong><\/a>,\u00a0 Juli\u00e1n Retavizca, actual Gerente de Producto en Tomograf\u00eda Computarizada de <strong>United Imaging para Latinoam\u00e9rica<\/strong>, explic\u00f3 que el diagn\u00f3stico por imagen ya no se sustenta \u00fanicamente en p\u00edxeles. \u201cHoy son datos, son algoritmos y son decisiones\u201d, afirm\u00f3, subrayando que la inteligencia artificial no opera de manera aut\u00f3noma, sino que depende de la calidad de la informaci\u00f3n que la alimenta.<\/p>\n\n\n\n<h2 class=\"wp-block-heading\"><a href=\"https:\/\/whatsapp.com\/channel\/0029VaBL9vs7YSd02T2Y8h3t\">\u00daNETE A NUESTRO CANAL DE WHATSAPP. LASALUD.MX LA REVISTA DE LA COMUNIDAD M\u00c9DICA. PORQU\u00c9 LA SALUD ES PRIMERO<\/a><\/h2>\n\n\n\n<h2 class=\"wp-block-heading\"><strong>De los p\u00edxeles a los datos: la \u201cneuroanatom\u00eda\u201d del diagn\u00f3stico<\/strong><\/h2>\n\n\n\n<p class=\"wp-block-paragraph\">Para Juli\u00e1n Retavizca, la \u201cneuroanatom\u00eda del diagn\u00f3stico\u201d describe la estructura funcional que hoy compone la imagen m\u00e9dica: datos robustos, algoritmos entrenados y decisiones cl\u00ednicas. A estos tres elementos a\u00f1adi\u00f3 un cuarto, frecuentemente invisibilizado: <strong>el hardware<\/strong>.<\/p>\n\n\n\n<figure class=\"wp-block-embed is-type-video is-provider-youtube wp-block-embed-youtube wp-embed-aspect-16-9 wp-has-aspect-ratio\"><div class=\"wp-block-embed__wrapper\">\n<iframe loading=\"lazy\" title=\"Juli\u00e1n Retavizca: la neuroanatom\u00eda del diagn\u00f3stico en LX Curso Internacional de Radiolog\u00eda e Imagen\" width=\"618\" height=\"348\" src=\"https:\/\/www.youtube.com\/embed\/V19UhJkmBLM?feature=oembed\" frameborder=\"0\" allow=\"accelerometer; autoplay; clipboard-write; encrypted-media; gyroscope; picture-in-picture; web-share\" referrerpolicy=\"strict-origin-when-cross-origin\" allowfullscreen><\/iframe>\n<\/div><\/figure>\n\n\n\n<p class=\"wp-block-paragraph\">Contar con equipos capaces de capturar se\u00f1ales con alta fidelidad es determinante para generar datos de calidad. United Imaging, se\u00f1al\u00f3, ha desarrollado una suite de equipos concebidos desde su arquitectura con <strong>inteligencia artificial integrada<\/strong>, lo que incrementa la sensibilidad diagn\u00f3stica en el mercado.<\/p>\n\n\n\n<h2 class=\"wp-block-heading\"><strong>Inteligencia artificial: copiloto cl\u00ednico, no sustituto<\/strong><\/h2>\n\n\n\n<p class=\"wp-block-paragraph\">Uno de los ejes centrales de su ponencia fue desmitificar la idea de <strong>reemplazo profesional<\/strong>. \u201cEl radi\u00f3logo se convertir\u00e1 en quien decida qu\u00e9 hace la inteligencia artificial\u201d, explic\u00f3.<\/p>\n\n\n\n<p class=\"wp-block-paragraph\">Los algoritmos ya intervienen en toda la cadena productiva: desde el posicionamiento autom\u00e1tico del paciente mediante c\u00e1maras inteligentes, la predicci\u00f3n de par\u00e1metros t\u00e9cnicos en el pre escaneo, el an\u00e1lisis de fases card\u00edacas durante el escaneo, hasta el posprocesamiento acelerado, que puede reducir tiempos de 30 minutos a apenas un minuto.<\/p>\n\n\n\n<p class=\"wp-block-paragraph\">Lejos de sustituir, <strong>la IA act\u00faa como soporte cl\u00ednico y copiloto del radi\u00f3logo<\/strong>, quien conserva la responsabilidad final.<\/p>\n\n\n\n<h2 class=\"wp-block-heading\"><strong>Precisi\u00f3n antes que velocidad<\/strong><\/h2>\n\n\n\n<p class=\"wp-block-paragraph\">Con resoluciones temporales que alcanzan 25 milisegundos, la tomograf\u00eda computarizada ha tocado l\u00edmites f\u00edsicos en velocidad. El desaf\u00edo actual, sostuvo Retavizca, no es acelerar, sino <strong>perfeccionar la calidad de imagen y la precisi\u00f3n diagn\u00f3stica<\/strong>.<\/p>\n\n\n\n<p class=\"wp-block-paragraph\">En oncolog\u00eda, destac\u00f3 herramientas que mejoran la detectabilidad de bajo contraste, fundamentales para caracterizar <strong>lesiones en etapas tempranas<\/strong>. Mencion\u00f3 adem\u00e1s segmentaci\u00f3n hep\u00e1tica automatizada, cirug\u00eda virtual y avances en teragnosis apoyados por imagen molecular, resonancia magn\u00e9tica din\u00e1mica y tomograf\u00eda din\u00e1mica.<\/p>\n\n\n\n<p class=\"wp-block-paragraph\">En neurolog\u00eda, resalt\u00f3 algoritmos para an\u00e1lisis vascular y detecci\u00f3n de aneurismas. En cardiolog\u00eda, herramientas que disminuyen ruido, preservan baja dosis y corrigen artefactos de movimiento coronario.<\/p>\n\n\n\n<h2 class=\"wp-block-heading\"><strong>Comando de voz y automatizaci\u00f3n avanzada<\/strong><\/h2>\n\n\n\n<p class=\"wp-block-paragraph\">Entre las innovaciones tecnol\u00f3gicas mencion\u00f3 el primer angi\u00f3grafo totalmente comandado por voz, capaz de proponer configuraciones al m\u00e9dico intervencionista y ejecutar movimientos con alta flexibilidad. Aunque configurable manualmente, la experiencia de usuarios muestra una preferencia por la automatizaci\u00f3n.<\/p>\n\n\n\n<p class=\"wp-block-paragraph\">Asimismo, record\u00f3 que, en 2024, en el <strong>Congreso Internacional de Imagen Molecular<\/strong>, <strong>United Imaging obtuvo el reconocimiento a la Imagen del A\u00f1o con una PET-CT cerebral<\/strong>.<\/p>\n\n\n\n<h2 class=\"wp-block-heading\"><strong>Acceso equitativo y visi\u00f3n global<\/strong><\/h2>\n\n\n\n<p class=\"wp-block-paragraph\">Juli\u00e1n Retavizca evoc\u00f3 la visi\u00f3n del <strong>Dr. Xue Min<\/strong>, presidente de United Imaging, quien impuls\u00f3 la democratizaci\u00f3n tecnol\u00f3gica en China, buscando que tanto grandes ciudades como regiones remotas accedieran a las mismas soluciones diagn\u00f3sticas. Esa filosof\u00eda, afirm\u00f3, gu\u00eda la estrategia regional: <strong>cerrar la brecha entre hospitales grandes y peque\u00f1os, entre zonas urbanas y regiones apartadas<\/strong>.<\/p>\n\n\n\n<h2 class=\"wp-block-heading\"><a href=\"https:\/\/whatsapp.com\/channel\/0029Va6TK4xB4hdLadBUgV3d\">\u00daNETE A NUESTRO CANAL DE WHATSAPP. ONCOLOGIA.MX LA REVISTA DE LA COMUNIDAD M\u00c9DICA. PORQU\u00c9 LA SALUD ES PRIMERO<\/a><\/h2>\n\n\n\n<p class=\"wp-block-paragraph\">La tecnolog\u00eda, asegur\u00f3, es <strong>accesible tambi\u00e9n para hospitales p\u00fablicos<\/strong>, con protocolos de seguridad que permiten mantener datos dentro de servidores hospitalarios o protegidos con cifrado punto a punto.<\/p>\n\n\n\n<h2 class=\"wp-block-heading\"><strong>\u00bfPuede la IA detectar lo invisible?<\/strong><\/h2>\n\n\n\n<p class=\"wp-block-paragraph\">Ante la pregunta sobre si la inteligencia artificial puede anticipar lesiones imperceptibles al ojo humano, fue categ\u00f3rico: s\u00ed. La mejora en resoluci\u00f3n de bajo contraste permite <strong>evidenciar estructuras antes no distinguibles<\/strong>, manteniendo baja dosis de radiaci\u00f3n.<\/p>\n\n\n\n<p class=\"wp-block-paragraph\"><strong>El mayor beneficio para el paciente, concluy\u00f3, es triple: acceso a tecnolog\u00eda de primera l\u00ednea, reducci\u00f3n de dosis y diagn\u00f3stico precoz.<\/strong><\/p>\n\n\n\n<blockquote class=\"wp-block-quote is-layout-flow wp-block-quote-is-layout-flow\">\n<p class=\"wp-block-paragraph\">Esta nota, as\u00ed como reportajes, entrevistas exclusivas, videos, podcast y m\u00e1s, los podr\u00e1s encontrar en nuestra pr\u00f3xima edici\u00f3n especial digital de <strong>Temas Selectos en Dispositivos M\u00e9dicos.<\/strong><\/p>\n\n\n\n<p class=\"wp-block-paragraph\"><strong>LaSalud.lat \/<\/strong> <strong><a href=\"http:\/\/lasalud.mx\" data-type=\"link\" data-id=\"lasalud.mx\">LaSalud.mx<\/a><\/strong> La Revista de la Comunidad M\u00e9dica.<\/p>\n\n\n\n<p class=\"wp-block-paragraph\">Visita algunas de nuestras ediciones especiales en <a href=\"https:\/\/issuu.com\/grupo-mundodehoy\"><strong>https:\/\/issuu.com\/grupo-mundodehoy<\/strong><\/a><\/p>\n<\/blockquote>\n\n\n<div class=\"wp-block-image\">\n<figure class=\"aligncenter size-large\"><img decoding=\"async\" src=\"https:\/\/mundodehoy.com\/wp-content\/uploads\/2026\/02\/WhatsApp-Image-2026-01-16-at-09.06.53-808x1024.jpeg\" alt=\"\" class=\"wp-image-85731\"\/><\/figure>\n<\/div>\n\n\n<p class=\"wp-block-paragraph\">D.E.<\/p>\n","protected":false},"excerpt":{"rendered":"<p>Durante el LX Curso Internacional de Radiolog\u00eda e Imagen, Juli\u00e1n Retavizca plante\u00f3 un cambio de paradigma: el diagn\u00f3stico ya no se basa solo en im\u00e1genes, sino en la integraci\u00f3n de datos, algoritmos y decisiones cl\u00ednicas Por: Carlos Henze \/ Fotograf\u00eda: Daniela Escartin LaSalud.mx \/ Sanamente.mx \/ Oncologia.mx \/ LaSalud.lat, Ciudad de M\u00e9xico, 11 de abril &hellip;<\/p>\n","protected":false},"author":2,"featured_media":76,"comment_status":"open","ping_status":"open","sticky":false,"template":"","format":"standard","meta":{"footnotes":""},"categories":[3,5],"tags":[236,237,238,239,240,241,242,21,225,226,65,243],"class_list":["post-75","post","type-post","status-publish","format-standard","has-post-thumbnail","","category-eventos","category-voces","tag-congresointernacionaldeimagenmolecular","tag-dispositivosmedicos","tag-ia","tag-inteligenciaartificial","tag-julianretavizca","tag-lxcursointernacionalderadiologiaeimagen","tag-pet-ct-2","tag-portada","tag-smri","tag-sociedadmexicanaderadiologiaeimagen","tag-unitedimaging","tag-xuemin"],"_links":{"self":[{"href":"https:\/\/lasalud.lat\/index.php?rest_route=\/wp\/v2\/posts\/75","targetHints":{"allow":["GET"]}}],"collection":[{"href":"https:\/\/lasalud.lat\/index.php?rest_route=\/wp\/v2\/posts"}],"about":[{"href":"https:\/\/lasalud.lat\/index.php?rest_route=\/wp\/v2\/types\/post"}],"author":[{"embeddable":true,"href":"https:\/\/lasalud.lat\/index.php?rest_route=\/wp\/v2\/users\/2"}],"replies":[{"embeddable":true,"href":"https:\/\/lasalud.lat\/index.php?rest_route=%2Fwp%2Fv2%2Fcomments&post=75"}],"version-history":[{"count":1,"href":"https:\/\/lasalud.lat\/index.php?rest_route=\/wp\/v2\/posts\/75\/revisions"}],"predecessor-version":[{"id":77,"href":"https:\/\/lasalud.lat\/index.php?rest_route=\/wp\/v2\/posts\/75\/revisions\/77"}],"wp:featuredmedia":[{"embeddable":true,"href":"https:\/\/lasalud.lat\/index.php?rest_route=\/wp\/v2\/media\/76"}],"wp:attachment":[{"href":"https:\/\/lasalud.lat\/index.php?rest_route=%2Fwp%2Fv2%2Fmedia&parent=75"}],"wp:term":[{"taxonomy":"category","embeddable":true,"href":"https:\/\/lasalud.lat\/index.php?rest_route=%2Fwp%2Fv2%2Fcategories&post=75"},{"taxonomy":"post_tag","embeddable":true,"href":"https:\/\/lasalud.lat\/index.php?rest_route=%2Fwp%2Fv2%2Ftags&post=75"}],"curies":[{"name":"wp","href":"https:\/\/api.w.org\/{rel}","templated":true}]}}