{"id":66,"date":"2026-04-12T02:02:20","date_gmt":"2026-04-12T02:02:20","guid":{"rendered":"https:\/\/lasalud.lat\/?p=66"},"modified":"2026-04-13T23:28:52","modified_gmt":"2026-04-13T23:28:52","slug":"dr-nikos-christo-secchi-nicolas-repensar-la-atencion-ante-enfermedades-cronicas","status":"publish","type":"post","link":"https:\/\/lasalud.lat\/?p=66","title":{"rendered":"Dr. Nikos Christo Secchi Nicol\u00e1s: repensar la atenci\u00f3n ante enfermedades cr\u00f3nicas"},"content":{"rendered":"\n<p class=\"wp-block-paragraph\"><strong>El especialista plantea que el abordaje actual resulta insuficiente frente a la carga epidemiol\u00f3gica creciente<\/strong><\/p>\n\n\n\n<p class=\"wp-block-paragraph\"><em>Por: Carlos Henze \/ Fotograf\u00eda: Lourdes Hurtado<\/em><\/p>\n\n\n\n<p class=\"wp-block-paragraph\"><strong><a href=\"http:\/\/lasalud.mx\" data-type=\"link\" data-id=\"lasalud.mx\">LaSalud.mx<\/a> \/ <\/strong><a href=\"http:\/\/microbiota.lat\"><strong>Microbiota.lat<\/strong><\/a><strong> \/ LaSalud.lat<\/strong><strong>, Ciudad de M\u00e9xico, 11 de abril de 2026 .-<\/strong> El <strong>Dr. Nikos Christo Secchi Nicol\u00e1s<\/strong> es m\u00e9dico internista, acad\u00e9mico y referente en educaci\u00f3n m\u00e9dica continua en M\u00e9xico. Formado en el <strong>Hospital General de M\u00e9xico<\/strong>, con una <strong>maestr\u00eda en Educaci\u00f3n<\/strong> y un <strong>doctorado en Administraci\u00f3n de Hospitales y Salud P\u00fablica<\/strong>, ha construido una trayectoria que integra pr\u00e1ctica cl\u00ednica activa, investigaci\u00f3n multic\u00e9ntrica internacional y liderazgo acad\u00e9mico. Actualmente se desempe\u00f1a como <strong>Presidente del Congreso Internacional de Enfermedades Cr\u00f3nico Degenerativas (ECROD) 2026\u20132027<\/strong>, un foro que, desde 2017, se ha consolidado como uno de los principales espacios de actualizaci\u00f3n cient\u00edfica frente al avance sostenido de las enfermedades cr\u00f3nico-degenerativas, consideradas hoy uno de los mayores retos de salud p\u00fablica en M\u00e9xico y Am\u00e9rica Latina.<\/p>\n\n\n\n<p class=\"wp-block-paragraph\">En <strong>conversaci\u00f3n exclusiva para <a href=\"http:\/\/lasalud.mx\" data-type=\"link\" data-id=\"lasalud.mx\">LaSalud.mx<\/a> \/ <a href=\"http:\/\/microbiota.lat\" data-type=\"link\" data-id=\"microbiota.lat\">Microbiota.lat<\/a><\/strong>, el <strong>Dr. Nikos Secchi Nicol\u00e1s<\/strong> explic\u00f3 que su visi\u00f3n de la medicina surge de la convergencia entre la atenci\u00f3n cl\u00ednica, la docencia universitaria y la investigaci\u00f3n. Como <strong>profesor titular en la Universidad Veracruzana, campus Minatitl\u00e1n<\/strong>, y ex presidente del <strong>Colegio de Medicina Interna de M\u00e9xico<\/strong>, se\u00f1al\u00f3 que la formaci\u00f3n m\u00e9dica contempor\u00e1nea exige integrar evidencia cient\u00edfica, an\u00e1lisis epidemiol\u00f3gico y un enfoque centrado en el paciente, particularmente ante patolog\u00edas de alta prevalencia y complejidad como la obesidad, la diabetes y las enfermedades cardiovasculares.<\/p>\n\n\n\n<p class=\"wp-block-paragraph\">Asumir la presidencia del <strong>ECROD<\/strong> para el periodo 2026\u20132027, afirm\u00f3, representa un compromiso acad\u00e9mico y profesional de alto impacto. Las enfermedades cr\u00f3nico-degenerativas no solo condicionan la calidad de vida de millones de personas, sino que presionan de manera creciente a los sistemas de salud. En este contexto, el congreso se plantea como un espacio estrat\u00e9gico para articular <strong>conocimiento cl\u00ednico, evidencia cient\u00edfica actualizada y formaci\u00f3n continua<\/strong>, orientada a quienes atienden diariamente estos padecimientos.<\/p>\n\n\n\n<figure class=\"wp-block-embed aligncenter is-type-video is-provider-youtube wp-block-embed-youtube wp-embed-aspect-4-3 wp-has-aspect-ratio\"><div class=\"wp-block-embed__wrapper\">\n<iframe loading=\"lazy\" title=\"Dr. Nikos Christo Secchi Nicol\u00e1s y el reto de las enfermedades cr\u00f3nico-degenerativas - ECROD 2026\" width=\"618\" height=\"464\" src=\"https:\/\/www.youtube.com\/embed\/px_WLPTgyl8?feature=oembed\" frameborder=\"0\" allow=\"accelerometer; autoplay; clipboard-write; encrypted-media; gyroscope; picture-in-picture; web-share\" referrerpolicy=\"strict-origin-when-cross-origin\" allowfullscreen><\/iframe>\n<\/div><\/figure>\n\n\n\n<p class=\"wp-block-paragraph\">El <strong>Congreso Internacional de Enfermedades Cr\u00f3nico Degenerativas (ECROD)<\/strong> surgi\u00f3 en 2017 con el objetivo de establecer un foro formal y permanente de educaci\u00f3n m\u00e9dica continua enfocado en este grupo de enfermedades, que colocan a M\u00e9xico entre los primeros lugares mundiales en prevalencia. Desde entonces, su realizaci\u00f3n ininterrumpida y el aval de <strong>instituciones acad\u00e9micas de prestigio<\/strong>, as\u00ed como la participaci\u00f3n de <strong>ponentes nacionales e internacionales<\/strong>, reflejan la necesidad estructural de espacios cient\u00edficos s\u00f3lidos que respondan a los retos actuales de la pr\u00e1ctica cl\u00ednica.<\/p>\n\n\n\n<p class=\"wp-block-paragraph\">Uno de los rasgos distintivos del ECROD, subray\u00f3 el especialista, es su <strong>enfoque multidisciplinario<\/strong>, particularmente en la <strong>terapia m\u00e9dico-nutricional<\/strong>. El programa integra a m\u00e9dicos generales, especialistas y subespecialistas en \u00e1reas como <strong>Medicina Interna, Cardiolog\u00eda, Nefrolog\u00eda, Gastroenterolog\u00eda, Geriatr\u00eda, Salud P\u00fablica y Nutrici\u00f3n Cl\u00ednica<\/strong>, reconociendo que la complejidad de las enfermedades cr\u00f3nico-degenerativas requiere intervenciones coordinadas y basadas en evidencia.<\/p>\n\n\n\n<p class=\"wp-block-paragraph\">Desde una perspectiva epidemiol\u00f3gica, el <strong>Dr. Nikos Secchi <\/strong> destac\u00f3 que el abordaje multidisciplinario permite mejorar la prevenci\u00f3n, optimizar los tratamientos y avanzar hacia una atenci\u00f3n m\u00e1s efectiva y centrada en el paciente. Este enfoque, sostuvo, es especialmente relevante en contextos latinoamericanos, donde la carga de enfermedad y las limitaciones estructurales de los sistemas de salud demandan soluciones integrales y sostenibles.<\/p>\n\n\n\n<p class=\"wp-block-paragraph\">De cara al <strong>ECROD 2026<\/strong>, que se llevar\u00e1 a cabo los d\u00edas <strong>30 de septiembre, 1 y 2 de octubre de 2026<\/strong>, adelant\u00f3 que el programa cient\u00edfico abordar\u00e1 los avances m\u00e1s recientes en diagn\u00f3stico y tratamiento de <strong>obesidad, diabetes, dislipidemia, hipertensi\u00f3n<\/strong> y otros trastornos metab\u00f3licos. Se incluir\u00e1n an\u00e1lisis de <strong>nuevas terap\u00e9uticas<\/strong>, como f\u00e1rmacos de <strong>triple mecanismo de acci\u00f3n<\/strong>, estrategias de <strong>terapias combinadas<\/strong> y su impacto en la salud cardiovascular y el contorno metab\u00f3lico, as\u00ed como la dimensi\u00f3n nutricional de estos padecimientos.<\/p>\n\n\n\n<p class=\"wp-block-paragraph\">El congreso contar\u00e1 con el aval de instituciones como el <strong>American College of Physician<\/strong>, <strong>CONAMEGE (Consejo Nacional de M\u00e9dicos Generales \/ Comit\u00e9 Normativo Nacional de Medicina General)<\/strong>, la <strong>Sociedad Interamericana de Hipertensi\u00f3n<\/strong>, el <strong>Colegio de Endocrin\u00f3logos de M\u00e9xico<\/strong> y diversas sociedades m\u00e9dicas nacionales. Entre los ponentes confirmados se encuentran la <strong>maestra Yolanda Quintero<\/strong>, el <strong>Dr. Fernando Lavalle<\/strong>, el <strong>Dr. Luis Alcocer<\/strong>, el <strong>Dr. Juan Miguel Abdo Francis<\/strong>, el <strong>Dr. Juan Carlos Garnica<\/strong> y el <strong>Dr. Juan Carlos Anda<\/strong>, entre otros referentes del \u00e1mbito cl\u00ednico y acad\u00e9mico.<\/p>\n\n\n\n<p class=\"wp-block-paragraph\">Finalmente, el <strong>Dr. Nikos Christo Secchi Nicol\u00e1s<\/strong> hizo un llamado a los profesionales de la salud a integrarse a un congreso comprometido con la <strong>excelencia acad\u00e9mica, la actualizaci\u00f3n m\u00e9dica continua y el trabajo colaborativo<\/strong>, subrayando que el ECROD est\u00e1 dise\u00f1ado para generar conocimiento aplicable y fortalecer la atenci\u00f3n integral de las personas que viven con enfermedades cr\u00f3nico-degenerativas. Invit\u00f3 tambi\u00e9n a dar seguimiento a los avances del congreso a trav\u00e9s de <strong>LaSalud.mx<\/strong>, <strong><a href=\"http:\/\/Microbiota.lat\" data-type=\"link\" data-id=\"Microbiota.lat\">Microbiota.lat<\/a><\/strong> y el sitio oficial <a href=\"http:\/\/www.ecrod.org\"><strong>www.ecrod.org<\/strong><\/a>.<\/p>\n\n\n\n<blockquote class=\"wp-block-quote is-layout-flow wp-block-quote-is-layout-flow\">\n<p class=\"wp-block-paragraph\">Esta nota, as\u00ed como reportajes, entrevistas exclusivas, videos, podcast y m\u00e1s, los podr\u00e1s encontrar en nuestra pr\u00f3xima edici\u00f3n especial digital de <strong>Temas Selectos en Microbiota y el Segundo Cerebro.<\/strong><\/p>\n\n\n\n<p class=\"wp-block-paragraph\"><strong>LaSalud.lat \/<\/strong> <strong><a href=\"http:\/\/lasalud.mx\" data-type=\"link\" data-id=\"lasalud.mx\">LaSalud.mx<\/a><\/strong> La Revista de la Comunidad M\u00e9dica.<\/p>\n\n\n\n<p class=\"wp-block-paragraph\">Visita algunas de nuestras ediciones especiales en<a href=\"https:\/\/issuu.com\/grupo-mundodehoy\"> <strong>https:\/\/issuu.com\/grupo-mundodehoy<\/strong><\/a><\/p>\n<\/blockquote>\n\n\n<div class=\"wp-block-image\">\n<figure class=\"aligncenter size-full\"><img decoding=\"async\" src=\"https:\/\/mundodehoy.com\/wp-content\/uploads\/2026\/01\/microBIOTA-2026.jpg\" alt=\"\" class=\"wp-image-85086\"\/><\/figure>\n<\/div>\n\n\n<p class=\"wp-block-paragraph\">D.E.<\/p>\n","protected":false},"excerpt":{"rendered":"<p>El especialista plantea que el abordaje actual resulta insuficiente frente a la carga epidemiol\u00f3gica creciente Por: Carlos Henze \/ Fotograf\u00eda: Lourdes Hurtado LaSalud.mx \/ Microbiota.lat \/ LaSalud.lat, Ciudad de M\u00e9xico, 11 de abril de 2026 .- El Dr. Nikos Christo Secchi Nicol\u00e1s es m\u00e9dico internista, acad\u00e9mico y referente en educaci\u00f3n m\u00e9dica continua en M\u00e9xico. Formado &hellip;<\/p>\n","protected":false},"author":2,"featured_media":67,"comment_status":"open","ping_status":"open","sticky":false,"template":"","format":"standard","meta":{"footnotes":""},"categories":[2,5],"tags":[184,185,186,187,189,183,188,191,190,193,192,194,195,196,21,197,199,198,200],"class_list":["post-66","post","type-post","status-publish","format-standard","has-post-thumbnail","","category-especiales","category-voces","tag-americancollegeofphysician","tag-colegiodeendocrinologosdemexico","tag-colegiodemedicinainternademexico","tag-conamege","tag-congresointernacionaldeenfermedadescronicodegenerativas","tag-ecrod","tag-enfermedadescronicodegenerativas","tag-fernandolavalle","tag-hospitalgeneraldemexico","tag-juancarlosanda","tag-juancarlosgarnica","tag-juanmiguelabdofrancis","tag-luisalcocer","tag-nikoschristosecchinicolas","tag-portada","tag-sociedadinteramericanadehipertension","tag-universidadveracruzana","tag-yolandaquintero","tag-yolandaquinterogomez"],"_links":{"self":[{"href":"https:\/\/lasalud.lat\/index.php?rest_route=\/wp\/v2\/posts\/66","targetHints":{"allow":["GET"]}}],"collection":[{"href":"https:\/\/lasalud.lat\/index.php?rest_route=\/wp\/v2\/posts"}],"about":[{"href":"https:\/\/lasalud.lat\/index.php?rest_route=\/wp\/v2\/types\/post"}],"author":[{"embeddable":true,"href":"https:\/\/lasalud.lat\/index.php?rest_route=\/wp\/v2\/users\/2"}],"replies":[{"embeddable":true,"href":"https:\/\/lasalud.lat\/index.php?rest_route=%2Fwp%2Fv2%2Fcomments&post=66"}],"version-history":[{"count":1,"href":"https:\/\/lasalud.lat\/index.php?rest_route=\/wp\/v2\/posts\/66\/revisions"}],"predecessor-version":[{"id":68,"href":"https:\/\/lasalud.lat\/index.php?rest_route=\/wp\/v2\/posts\/66\/revisions\/68"}],"wp:featuredmedia":[{"embeddable":true,"href":"https:\/\/lasalud.lat\/index.php?rest_route=\/wp\/v2\/media\/67"}],"wp:attachment":[{"href":"https:\/\/lasalud.lat\/index.php?rest_route=%2Fwp%2Fv2%2Fmedia&parent=66"}],"wp:term":[{"taxonomy":"category","embeddable":true,"href":"https:\/\/lasalud.lat\/index.php?rest_route=%2Fwp%2Fv2%2Fcategories&post=66"},{"taxonomy":"post_tag","embeddable":true,"href":"https:\/\/lasalud.lat\/index.php?rest_route=%2Fwp%2Fv2%2Ftags&post=66"}],"curies":[{"name":"wp","href":"https:\/\/api.w.org\/{rel}","templated":true}]}}