{"id":60,"date":"2026-04-12T01:45:05","date_gmt":"2026-04-12T01:45:05","guid":{"rendered":"https:\/\/lasalud.lat\/?p=60"},"modified":"2026-04-12T01:45:05","modified_gmt":"2026-04-12T01:45:05","slug":"innovafest-latam-2025-la-innovacion-con-proposito-redefine-la-agenda-regional","status":"publish","type":"post","link":"https:\/\/lasalud.lat\/?p=60","title":{"rendered":"InnovaFest LATAM 2025: la innovaci\u00f3n con prop\u00f3sito redefine la agenda regional"},"content":{"rendered":"\n<p class=\"wp-block-paragraph\"><strong>El encuentro reuni\u00f3 a l\u00edderes de 22 pa\u00edses en torno a una premisa central: la ciencia solo adquiere valor cuando impacta directamente en la vida de las personas<\/strong><\/p>\n\n\n\n<p class=\"wp-block-paragraph\"><em>Por: Redacci\u00f3n<\/em><\/p>\n\n\n\n<p class=\"wp-block-paragraph\"><strong><a href=\"http:\/\/lasalud.mx\" data-type=\"link\" data-id=\"lasalud.mx\">LaSalud.mx<\/a><\/strong> <strong>\/ LaSalud.lat, Cuernavaca, Morelos, 11 de abril de 2026 .-<\/strong> El <strong>InnovaFest LATAM 2025<\/strong> inici\u00f3 actividades en el <strong>Centro de Convenciones de Morelos<\/strong>, donde durante el <strong>4 y 5 de diciembre<\/strong> se congregan innovadores, cient\u00edficos, emprendedores, fondos de inversi\u00f3n, empresas y autoridades de <strong>22 pa\u00edses<\/strong>, en un encuentro que ya se encuentra en pleno desarrollo. La iniciativa, impulsada en conjunto por las <strong>Secretar\u00edas de Econom\u00eda, Ciencia y Salud<\/strong>, as\u00ed como por el <strong>Gobierno de Morelos<\/strong>, busca fortalecer la innovaci\u00f3n regional y respaldar a inventores y emprendedores mexicanos y latinoamericanos mediante un ecosistema que vincula talento con capital estrat\u00e9gico.<\/p>\n\n\n\n<p class=\"wp-block-paragraph\">En la sesi\u00f3n inaugural estuvieron presentes el <strong>secretario de Salud, David Kershenobich<\/strong>, la <strong>gobernadora de Morelos, Margarita Gonz\u00e1lez Saravia<\/strong>; el <strong>secretario de Econom\u00eda, Marcelo Ebrard<\/strong>; la <strong>titular de Ciencia, Humanidades, Tecnolog\u00eda e Innovaci\u00f3n, Rosaura Ruiz Guti\u00e9rrez<\/strong>; as\u00ed como el <strong>ministro de Econom\u00eda de Jap\u00f3n, Ryoswi Akasawa<\/strong>, quien envi\u00f3 un mensaje videograbado.<\/p>\n\n\n\n<figure class=\"wp-block-gallery aligncenter has-nested-images columns-default is-cropped wp-block-gallery-1 is-layout-flex wp-block-gallery-is-layout-flex\">\n<figure class=\"wp-block-image size-large\"><img decoding=\"async\" data-id=\"76256\" src=\"https:\/\/lasalud.mx\/wp-content\/uploads\/2025\/12\/WhatsApp-Image-2025-12-04-at-15.52.59-2-1024x683.jpeg\" alt=\"\" class=\"wp-image-76256\"\/><\/figure>\n\n\n\n<figure class=\"wp-block-image size-large\"><img decoding=\"async\" data-id=\"76257\" src=\"https:\/\/lasalud.mx\/wp-content\/uploads\/2025\/12\/WhatsApp-Image-2025-12-04-at-15.52.59-1-1024x683.jpeg\" alt=\"\" class=\"wp-image-76257\"\/><\/figure>\n<\/figure>\n\n\n<div class=\"wp-block-image\">\n<figure class=\"aligncenter size-large\"><img decoding=\"async\" src=\"https:\/\/lasalud.mx\/wp-content\/uploads\/2025\/12\/WhatsApp-Image-2025-12-04-at-15.52.59-1024x683.jpeg\" alt=\"\" class=\"wp-image-76258\"\/><\/figure>\n<\/div>\n\n\n<p class=\"wp-block-paragraph\">La participaci\u00f3n del Dr. Kershenobich, adquiri\u00f3 un papel central dentro del <strong>Foro de Ciencia y Tecnolog\u00eda en la Sociedad (STS Forum)<\/strong>, destac\u00f3 que el r\u00e1pido avance cient\u00edfico solo adquiere relevancia cuando transforma la vida de la poblaci\u00f3n, subrayando que M\u00e9xico trabaja en iniciativas como los <strong>PRONAM<\/strong>, la medicina gen\u00f3mica y el <strong>Plan M\u00e9xico<\/strong> para incorporar tecnolog\u00eda de frontera en todo el pa\u00eds; expuso que el progreso acelerado en diagn\u00f3sticos, inteligencia artificial y terapias avanzadas coincide con una transici\u00f3n epidemiol\u00f3gica que exige respuestas simult\u00e1neas a enfermedades infecciosas y cr\u00f3nicas, y record\u00f3 que herramientas hoy fundamentales, como las vacunas de RNA o la resonancia magn\u00e9tica, eran inaccesibles hace apenas una d\u00e9cada; adem\u00e1s, resalt\u00f3 la importancia de los biobancos con m\u00e1s de <strong>1.8 millones de marcadores gen\u00e9ticos<\/strong> y del potencial de la medicina personalizada para enfrentar obesidad, diabetes e hipertensi\u00f3n.<\/p>\n\n\n\n<p class=\"wp-block-paragraph\">El secretario de Econom\u00eda, Marcelo Ebrard, expuso que esta edici\u00f3n del InnovaFest podr\u00eda superar los <strong>800 millones de pesos en inversiones<\/strong>, una cifra que, de alcanzarse, representar\u00eda la m\u00e1s alta lograda por el sector privado en un foro de esta naturaleza. Seg\u00fan lo informado, <strong>603 proyectos<\/strong> provienen de universidades p\u00fablicas y privadas, lo que refleja un impulso creciente de instituciones acad\u00e9micas en la generaci\u00f3n de patentes, dise\u00f1os industriales y soluciones tecnol\u00f3gicas. La expectativa institucional es consolidar un entorno donde la creatividad y la tecnolog\u00eda de Am\u00e9rica Latina y el Caribe permitan identificar <strong>tendencias transformadoras con impacto social positivo<\/strong>.<\/p>\n\n\n\n<figure class=\"wp-block-gallery aligncenter has-nested-images columns-default is-cropped wp-block-gallery-2 is-layout-flex wp-block-gallery-is-layout-flex\">\n<figure class=\"wp-block-image size-large\"><img decoding=\"async\" data-id=\"76246\" src=\"https:\/\/lasalud.mx\/wp-content\/uploads\/2025\/12\/prtada-innovafest-salud-1024x683.jpeg\" alt=\"\" class=\"wp-image-76246\"\/><\/figure>\n\n\n\n<figure class=\"wp-block-image size-large\"><img decoding=\"async\" data-id=\"76249\" src=\"https:\/\/lasalud.mx\/wp-content\/uploads\/2025\/12\/WhatsApp-Image-2025-12-04-at-15.01.39-1024x683.jpeg\" alt=\"\" class=\"wp-image-76249\"\/><\/figure>\n<\/figure>\n\n\n<div class=\"wp-block-image\">\n<figure class=\"aligncenter size-full\"><img decoding=\"async\" src=\"https:\/\/lasalud.mx\/wp-content\/uploads\/2025\/12\/WhatsApp-Image-2025-12-04-at-15.01.41.jpeg\" alt=\"\" class=\"wp-image-76254\"\/><\/figure>\n<\/div>\n\n\n<p class=\"wp-block-paragraph\">En el marco del evento, se desarrolla la <strong>Exhibici\u00f3n de Innovaci\u00f3n y Patentes Latam<\/strong>, estructurada en siete categor\u00edas: Startups y Empresas Tecnol\u00f3gicas; Conocimiento Aplicado y Tecnolog\u00eda Avanzada; Entidades Innovadoras; Impulso y Capital Emprendedor; Pol\u00edticas de Impacto; L\u00edderes Latinoamericanos en Innovaci\u00f3n; y L\u00edderes Globales en Innovaci\u00f3n. Entre los proyectos emblem\u00e1ticos se encuentran <strong>Olinia<\/strong>, mini veh\u00edculos el\u00e9ctricos dise\u00f1ados en M\u00e9xico; <strong>Taruk<\/strong>, el primer autob\u00fas el\u00e9ctrico fabricado en el pa\u00eds; <strong>Horizontec<\/strong> con su aeronave ligera deportiva <strong>Halc\u00f3n 2.1<\/strong>; y el <strong>Proyecto Mantarraya<\/strong>, prototipo de auto volador y dron tripulado concebido para operaciones de emergencia.<\/p>\n\n\n\n<p class=\"wp-block-paragraph\">De manera paralela, se est\u00e1 desarrollando el <strong>Premio a la Innovaci\u00f3n Mexicana<\/strong>, que este a\u00f1o registr\u00f3 <strong>3,763 participantes<\/strong> en <strong>13 categor\u00edas<\/strong>, entre ellas Patente; Modelo de Utilidad; Dise\u00f1o Industrial; Invenciones Asociadas a la M\u00fasica; Agua y Sostenibilidad H\u00eddrica; Medio Ambiente y Energ\u00edas Limpias; Aeroespacial y Electromovilidad; Semiconductores; Salud; J\u00f3venes Innovadores; Mujeres Inventoras; Idea Creativa o Innovadora Original y Proyecto de Investigaci\u00f3n de Alto Impacto. El <strong>Instituto Mexicano de la Propiedad Industrial (IMPI)<\/strong> otorgar\u00e1 <strong>250,000 pesos<\/strong> al primer lugar de cada categor\u00eda, como est\u00edmulo al talento inventivo nacional y a la capacidad creativa de los participantes.<\/p>\n\n\n\n<figure class=\"wp-block-gallery aligncenter has-nested-images columns-default is-cropped wp-block-gallery-3 is-layout-flex wp-block-gallery-is-layout-flex\">\n<figure class=\"wp-block-image size-large\"><img decoding=\"async\" data-id=\"76255\" src=\"https:\/\/lasalud.mx\/wp-content\/uploads\/2025\/12\/WhatsApp-Image-2025-12-04-at-15.03.17-1024x583.jpeg\" alt=\"\" class=\"wp-image-76255\"\/><\/figure>\n\n\n\n<figure class=\"wp-block-image size-large\"><img decoding=\"async\" data-id=\"76253\" src=\"https:\/\/lasalud.mx\/wp-content\/uploads\/2025\/12\/WhatsApp-Image-2025-12-04-at-15.01.21-1024x582.jpeg\" alt=\"\" class=\"wp-image-76253\"\/><\/figure>\n<\/figure>\n\n\n<div class=\"wp-block-image\">\n<figure class=\"aligncenter size-large\"><img decoding=\"async\" src=\"https:\/\/lasalud.mx\/wp-content\/uploads\/2025\/12\/portada-innovafest-mundo-1024x683.jpeg\" alt=\"\" class=\"wp-image-76252\"\/><\/figure>\n<\/div>\n\n\n<p class=\"wp-block-paragraph\">El programa tambi\u00e9n contempla la iniciativa <strong>Mentes en Acci\u00f3n \u2013 Hecho en M\u00e9xico<\/strong>, coordinada por la <strong>Secretar\u00eda de Econom\u00eda<\/strong>, cuyo prop\u00f3sito es dinamizar el ecosistema de innovaci\u00f3n mediante v\u00ednculos estrat\u00e9gicos entre emprendedores, inventores y actores clave del sector. En esta edici\u00f3n participan especialistas como <strong>Pepe Aguilar<\/strong>, artista y fundador de Equinoccio Records; <strong>Deborah Dana<\/strong>, directora de Etsy M\u00e9xico e inversionista; <strong>Rodrigo Herrera<\/strong>, presidente de Genomma Lab; <strong>Norma Alicia Rosas<\/strong>, directora general de AMIS; y <strong>Rodrigo Velasco<\/strong>, director de BBVA Spark en M\u00e9xico y Am\u00e9rica Latina.<\/p>\n\n\n\n<p class=\"wp-block-paragraph\">El <strong>Encuentro Ministerial Am\u00e9rica Latina y el Caribe<\/strong> constituye otro eje relevante del InnovaFest, con <strong>45 representantes de 30 pa\u00edses<\/strong>, centrado en la cooperaci\u00f3n regional en ciencia, tecnolog\u00eda e innovaci\u00f3n para enfrentar desaf\u00edos comunes. Asimismo, las <strong>Flashtalks<\/strong> incorporan la participaci\u00f3n de expertos como <strong>Josu\u00e9 C. Vel\u00e1zquez Mart\u00ednez<\/strong> (MIT), <strong>Adam Smith<\/strong> (Nobel Prize Outreach AB), <strong>Adolfo Babatz<\/strong> (Clip), <strong>Bill Weeks<\/strong> (Microsoft), <strong>Mauricio Schwartzmann<\/strong> (Mastercard), <strong>Jorge Furuya<\/strong> (Volvo Cars) y <strong>\u00c1ngel Cisneros<\/strong> (Saptiva).<\/p>\n\n\n\n<figure class=\"wp-block-gallery aligncenter has-nested-images columns-default is-cropped wp-block-gallery-4 is-layout-flex wp-block-gallery-is-layout-flex\">\n<figure class=\"wp-block-image size-large\"><img decoding=\"async\" data-id=\"76251\" src=\"https:\/\/lasalud.mx\/wp-content\/uploads\/2025\/12\/WhatsApp-Image-2025-12-04-at-15.03.45-1-1024x768.jpeg\" alt=\"\" class=\"wp-image-76251\"\/><\/figure>\n\n\n\n<figure class=\"wp-block-image size-large\"><img decoding=\"async\" data-id=\"76250\" src=\"https:\/\/lasalud.mx\/wp-content\/uploads\/2025\/12\/WhatsApp-Image-2025-12-04-at-15.02.14.jpeg\" alt=\"\" class=\"wp-image-76250\"\/><\/figure>\n<\/figure>\n\n\n\n<p class=\"wp-block-paragraph\">De forma simult\u00e1nea se lleva a cabo el <strong>STS Forum 2025 (Science and Technology in Society Forum)<\/strong>, consolidado como una de las principales plataformas internacionales orientadas a la discusi\u00f3n de soluciones tecnol\u00f3gicas con impacto social. En su <strong>Cap\u00edtulo Am\u00e9rica Latina y el Caribe 2025<\/strong>, m\u00e1s de <strong>60 l\u00edderes empresariales e inversionistas globales<\/strong> analizan el papel de la innovaci\u00f3n, el liderazgo y la toma de riesgos ante la transformaci\u00f3n de los contextos econ\u00f3micos y sociales.<\/p>\n\n\n\n<p class=\"wp-block-paragraph\">El foro est\u00e1 organizado en torno a cinco ejes centrales: <strong>Gesti\u00f3n Integrada del Nexo Agua\u2013Energ\u00eda\u2013Alimentaci\u00f3n<\/strong>; <strong>Electromovilidad y Transformaci\u00f3n de Centros Urbanos<\/strong>; <strong>Biotecnolog\u00eda y Gen\u00f3mica Aplicada a la Medicina<\/strong>; <strong>Innovaci\u00f3n en Aeron\u00e1utica y Desarrollo Aeroespacial<\/strong>; y <strong>Emprendimiento como Motor de Desarrollo<\/strong>, todos orientados a promover soluciones escalables y sostenibles.<\/p>\n\n\n\n<p class=\"wp-block-paragraph\">El <strong>InnovaFest LATAM 2025<\/strong> avanza gracias a la coordinaci\u00f3n de aliados estrat\u00e9gicos como <strong>ADO, Compa\u00f1\u00eda Mexicana de Radiolog\u00eda, Banco Santander, Canieti, Clip, Danone, Femsa, Finsus, Foxconn, Grupo Modelo M\u00e9xico, Kapital, Kavak, LG, Liverpool, Meta, Mobility ADO, Plata, Samsung, Saptiva IA, Viva, Volvo, Pfizer, Tala, Telmex, Toyota<\/strong> y <strong>UAL\u00c1<\/strong>, cuya participaci\u00f3n refuerza la conexi\u00f3n entre innovaci\u00f3n, industria y capital de inversi\u00f3n.<\/p>\n\n\n\n<blockquote class=\"wp-block-quote is-layout-flow wp-block-quote-is-layout-flow\">\n<p class=\"wp-block-paragraph\">Esta nota, as\u00ed como reportajes, entrevistas exclusivas, videos, podcast y m\u00e1s los podr\u00e1s encontrar en nuestra pr\u00f3xima edici\u00f3n especial digital de <strong>Temas Selectos en Salud.<\/strong><\/p>\n\n\n\n<p class=\"wp-block-paragraph\"><strong>LaSalud.lat \/<\/strong> <strong><a href=\"http:\/\/lasalud.mx\" data-type=\"link\" data-id=\"lasalud.mx\">LaSalud.mx<\/a><\/strong> La Revista de la Comunidad M\u00e9dica.<\/p>\n\n\n\n<p class=\"wp-block-paragraph\">Visita algunas de nuestras ediciones especiales en <a href=\"https:\/\/issuu.com\/grupo-mundodehoy\"><strong>https:\/\/issuu.com\/grupo-mundodehoy<\/strong><\/a><\/p>\n<\/blockquote>\n\n\n\n<p class=\"wp-block-paragraph\">D.E.<\/p>\n","protected":false},"excerpt":{"rendered":"<p>El encuentro reuni\u00f3 a l\u00edderes de 22 pa\u00edses en torno a una premisa central: la ciencia solo adquiere valor cuando impacta directamente en la vida de las personas Por: Redacci\u00f3n LaSalud.mx \/ LaSalud.lat, Cuernavaca, Morelos, 11 de abril de 2026 .- El InnovaFest LATAM 2025 inici\u00f3 actividades en el Centro de Convenciones de Morelos, donde &hellip;<\/p>\n","protected":false},"author":2,"featured_media":61,"comment_status":"open","ping_status":"open","sticky":false,"template":"","format":"standard","meta":{"footnotes":""},"categories":[15,2,3,16],"tags":[125,126,128,127,132,136,135,141,143,142,145,144,147,146,149,148,150,152,151,154,153,155,157,156,158,159,160,161,163,162,164,165,167,166,169,168,170,171,172,173,21,174,176,175,177,129,130,178,131,134,133,140,179,180,137,138,181,139],"class_list":["post-60","post","type-post","status-publish","format-standard","has-post-thumbnail","","category-equipos","category-especiales","category-eventos","category-ia","tag-adamsmith","tag-ado","tag-adolfobabatz","tag-angelcisneros","tag-bancosantander","tag-billweeks","tag-canieti","tag-clip","tag-cmr","tag-companiamexicanaderadiologia","tag-danone","tag-davidkershenobich","tag-deborahdana","tag-femsa","tag-finsus","tag-foxconn","tag-grupomodelomexico","tag-halcon2-1","tag-horizontec","tag-impi","tag-innovafestlatam","tag-innovafestlatam2025","tag-institutomexicanodelapropiedadindustrial","tag-jorgefuruya","tag-josuecvelazquezmartinez","tag-kapital","tag-kavak","tag-lg","tag-liverpool","tag-marceloebrard","tag-margaritagonzalezsaravia","tag-mauricioschwartzmann","tag-meta","tag-mobilityado","tag-normaaliciarosas","tag-olinia","tag-pepeaguilar","tag-pfizer","tag-planmexico","tag-plata","tag-portada","tag-pronam","tag-proyectomantarraya","tag-rodrigoherrera","tag-rodrigovelasco","tag-rosauraruizgutierrez","tag-ryoswiakasawa","tag-samsung","tag-saptivaia","tag-secretariadeeconomia","tag-stsforum2025","tag-tala","tag-taruk","tag-telmex","tag-toyota","tag-uala","tag-viva","tag-volvo"],"_links":{"self":[{"href":"https:\/\/lasalud.lat\/index.php?rest_route=\/wp\/v2\/posts\/60","targetHints":{"allow":["GET"]}}],"collection":[{"href":"https:\/\/lasalud.lat\/index.php?rest_route=\/wp\/v2\/posts"}],"about":[{"href":"https:\/\/lasalud.lat\/index.php?rest_route=\/wp\/v2\/types\/post"}],"author":[{"embeddable":true,"href":"https:\/\/lasalud.lat\/index.php?rest_route=\/wp\/v2\/users\/2"}],"replies":[{"embeddable":true,"href":"https:\/\/lasalud.lat\/index.php?rest_route=%2Fwp%2Fv2%2Fcomments&post=60"}],"version-history":[{"count":1,"href":"https:\/\/lasalud.lat\/index.php?rest_route=\/wp\/v2\/posts\/60\/revisions"}],"predecessor-version":[{"id":62,"href":"https:\/\/lasalud.lat\/index.php?rest_route=\/wp\/v2\/posts\/60\/revisions\/62"}],"wp:featuredmedia":[{"embeddable":true,"href":"https:\/\/lasalud.lat\/index.php?rest_route=\/wp\/v2\/media\/61"}],"wp:attachment":[{"href":"https:\/\/lasalud.lat\/index.php?rest_route=%2Fwp%2Fv2%2Fmedia&parent=60"}],"wp:term":[{"taxonomy":"category","embeddable":true,"href":"https:\/\/lasalud.lat\/index.php?rest_route=%2Fwp%2Fv2%2Fcategories&post=60"},{"taxonomy":"post_tag","embeddable":true,"href":"https:\/\/lasalud.lat\/index.php?rest_route=%2Fwp%2Fv2%2Ftags&post=60"}],"curies":[{"name":"wp","href":"https:\/\/api.w.org\/{rel}","templated":true}]}}