{"id":582,"date":"2026-09-02T07:00:00","date_gmt":"2026-09-02T13:00:00","guid":{"rendered":"https:\/\/lasalud.lat\/?p=582"},"modified":"2026-09-02T14:40:11","modified_gmt":"2026-09-02T20:40:11","slug":"actualizacion-profesional-en-el-curso-de-educacion-continua-en-radioterapia-2026","status":"publish","type":"post","link":"https:\/\/lasalud.lat\/?p=582","title":{"rendered":"Actualizaci\u00f3n profesional en el Curso de Educaci\u00f3n Continua en Radioterapia 2026"},"content":{"rendered":"\n<p class=\"wp-block-paragraph\"><strong>Especialistas revisaron control de calidad, nuevas tecnolog\u00edas y estrategias para fortalecer la seguridad de los tratamientos oncol\u00f3gicos<\/strong><\/p>\n\n\n\n<ul class=\"wp-block-list\">\n<li><strong>Destacada participaci\u00f3n de EYMSA y The AIO Solution 3.0 de Orfit<\/strong><\/li>\n<\/ul>\n\n\n\n<p class=\"wp-block-paragraph\"><em>Por: Redacci\u00f3n | Fotograf\u00eda: Lourdes Hurtado, Daniela Escartin<\/em><\/p>\n\n\n\n<p class=\"wp-block-paragraph\"><a href=\"http:\/\/lasalud.mx\"><strong>LaSalud.mx<\/strong><\/a> <strong>|<\/strong> <strong>LaSalud.lat, Ciudad de M\u00e9xico, 2 de septiembre de 2026 .-<\/strong> Los d\u00edas 21 y 22 de agosto de 2026 se llev\u00f3 a cabo el <strong>Curso de Educaci\u00f3n Continua en Radioterapia 2026<\/strong>, organizado por el <strong>Hospital M\u00e9dica Sur<\/strong> en la Sala 1 del Auditorio M\u00e9dica Sur, en Ciudad de M\u00e9xico, bajo un formato h\u00edbrido. El encuentro estuvo dirigido a t\u00e9cnicos radioterapeutas y dosimetristas interesados en actualizar sus conocimientos, as\u00ed como a f\u00edsicos m\u00e9dicos y profesionales vinculados con la radioterapia. De acuerdo con el programa, el curso tuvo como prop\u00f3sito fortalecer las competencias cl\u00ednicas y t\u00e9cnicas mediante la integraci\u00f3n de fundamentos f\u00edsicos, verificaci\u00f3n de tratamientos, control de calidad y nuevas tecnolog\u00edas, con \u00e9nfasis en <strong>precisi\u00f3n, seguridad y resultados oncol\u00f3gicos en la pr\u00e1ctica cl\u00ednica diaria<\/strong>.<\/p>\n\n\n\n<p class=\"wp-block-paragraph\">La actividad acad\u00e9mica inici\u00f3 con la bienvenidade la <strong>Dra. Adela Poitevin Chac\u00f3n<\/strong>, quien destac\u00f3 la importancia de la colaboraci\u00f3n multidisciplinaria en la radioterapia para llegar a una precisi\u00f3n de control de calidad de todos los tratamientos. Posteriormente se abri\u00f3 el bloque <strong>\u201cFundamentos, precisi\u00f3n y verificaci\u00f3n en radioterapia\u201d<\/strong>, que estableci\u00f3 los primeros contenidos de actualizaci\u00f3n del curso.<\/p>\n\n\n<div class=\"wp-block-image\">\n<figure class=\"aligncenter size-large\"><img loading=\"lazy\" decoding=\"async\" width=\"1024\" height=\"683\" src=\"https:\/\/lasalud.lat\/wp-content\/uploads\/2026\/08\/B10-Adela-Poitevin-1024x683.jpg\" alt=\"\" class=\"wp-image-590\" srcset=\"https:\/\/lasalud.lat\/wp-content\/uploads\/2026\/08\/B10-Adela-Poitevin-1024x683.jpg 1024w, https:\/\/lasalud.lat\/wp-content\/uploads\/2026\/08\/B10-Adela-Poitevin-300x200.jpg 300w, https:\/\/lasalud.lat\/wp-content\/uploads\/2026\/08\/B10-Adela-Poitevin-768x512.jpg 768w, https:\/\/lasalud.lat\/wp-content\/uploads\/2026\/08\/B10-Adela-Poitevin.jpg 1275w\" sizes=\"auto, (max-width: 1024px) 100vw, 1024px\" \/><\/figure>\n<\/div>\n\n\n<h2 class=\"wp-block-heading\"><a><\/a><strong>Seguridad y Control de Calidad de los tratamientos<\/strong><\/h2>\n\n\n\n<p class=\"wp-block-paragraph\">Dentro de este primer eje se present\u00f3 <strong>\u201cCalidad y seguridad en Radioterapia\u201d<\/strong>, a cargo del <strong>Ph. D.<\/strong> <strong>Luis E. Fong de los Santos.<\/strong> A continuaci\u00f3n, el <strong>M. en C. Mario Alberto Gonz\u00e1lez Ram\u00edrez<\/strong> y la <strong>M. en C. Natalia del Castillo Escribano<\/strong> abordaron la <strong>\u201cQA (control de calidad) del acelerador lineal y de los tratamientos\u201d<\/strong>, incorporando al programa los aspectos relacionados con el aseguramiento de la calidad del equipo y de los procedimientos terap\u00e9uticos.<\/p>\n\n\n\n<p class=\"wp-block-paragraph\">El programa avanz\u00f3 hacia <strong>\u201cSimulaci\u00f3n, inmovilizaci\u00f3n y reproducibilidad\u201d<\/strong>, con la participaci\u00f3n del <strong>T\u00e9cnico Jos\u00e9 Canacasco Cuadros<\/strong>, la <strong>T\u00e9c. Alba Estela Cort\u00e9s Guti\u00e9rrez<\/strong> y el <strong>T\u00e9c. Jorge Bastida Ventura<\/strong>. Posteriormente, el <strong>T\u00e9c. Julio C\u00e9sar Mart\u00ednez Robledo<\/strong>, <strong>T\u00e9c. Alejandro Calvo Fern\u00e1ndez<\/strong> y <strong>T\u00e9c. Jes\u00fas Linares Miranda<\/strong> participaron en el tema <strong>\u201cPlanificaci\u00f3n de tratamientos\u201d<\/strong>.<\/p>\n\n\n\n<p class=\"wp-block-paragraph\">La agenda incorpor\u00f3 despu\u00e9s <strong>\u201cImagen guiada y precisi\u00f3n del tratamiento cl\u00ednico\u201d<\/strong>, presentada por el <strong>F\u00edsico Miguel \u00c1ngel P\u00e9rez Pastenes<\/strong> y el <strong>T\u00e9c. Jenner Cruz Sandoval<\/strong>. El contenido dio paso a <strong>\u201cSitios anat\u00f3micos y consideraciones t\u00e9cnicas\u201d<\/strong>, bloque que contempl\u00f3 diferentes regiones anat\u00f3micas y sus particularidades dentro del tratamiento radioterap\u00e9utico.<\/p>\n\n\n\n<figure class=\"wp-block-gallery aligncenter has-nested-images columns-default is-cropped wp-block-gallery-1 is-layout-flex wp-block-gallery-is-layout-flex\">\n<figure class=\"wp-block-image size-large\"><img loading=\"lazy\" decoding=\"async\" width=\"1024\" height=\"683\" data-id=\"584\" src=\"https:\/\/lasalud.lat\/wp-content\/uploads\/2026\/08\/A2-Luis-E-Fong-1024x683.jpg\" alt=\"\" class=\"wp-image-584\" srcset=\"https:\/\/lasalud.lat\/wp-content\/uploads\/2026\/08\/A2-Luis-E-Fong-1024x683.jpg 1024w, https:\/\/lasalud.lat\/wp-content\/uploads\/2026\/08\/A2-Luis-E-Fong-300x200.jpg 300w, https:\/\/lasalud.lat\/wp-content\/uploads\/2026\/08\/A2-Luis-E-Fong-768x512.jpg 768w, https:\/\/lasalud.lat\/wp-content\/uploads\/2026\/08\/A2-Luis-E-Fong.jpg 1275w\" sizes=\"auto, (max-width: 1024px) 100vw, 1024px\" \/><\/figure>\n\n\n\n<figure class=\"wp-block-image size-large\"><img loading=\"lazy\" decoding=\"async\" width=\"1024\" height=\"683\" data-id=\"587\" src=\"https:\/\/lasalud.lat\/wp-content\/uploads\/2026\/08\/B3-Diana-Nohemi-Briceno-1024x683.jpg\" alt=\"\" class=\"wp-image-587\" srcset=\"https:\/\/lasalud.lat\/wp-content\/uploads\/2026\/08\/B3-Diana-Nohemi-Briceno-1024x683.jpg 1024w, https:\/\/lasalud.lat\/wp-content\/uploads\/2026\/08\/B3-Diana-Nohemi-Briceno-300x200.jpg 300w, https:\/\/lasalud.lat\/wp-content\/uploads\/2026\/08\/B3-Diana-Nohemi-Briceno-768x512.jpg 768w, https:\/\/lasalud.lat\/wp-content\/uploads\/2026\/08\/B3-Diana-Nohemi-Briceno.jpg 1275w\" sizes=\"auto, (max-width: 1024px) 100vw, 1024px\" \/><\/figure>\n\n\n\n<figure class=\"wp-block-image size-large\"><img loading=\"lazy\" decoding=\"async\" width=\"1024\" height=\"683\" data-id=\"585\" src=\"https:\/\/lasalud.lat\/wp-content\/uploads\/2026\/08\/A5-Jose-Canacasco-1024x683.jpg\" alt=\"\" class=\"wp-image-585\" srcset=\"https:\/\/lasalud.lat\/wp-content\/uploads\/2026\/08\/A5-Jose-Canacasco-1024x683.jpg 1024w, https:\/\/lasalud.lat\/wp-content\/uploads\/2026\/08\/A5-Jose-Canacasco-300x200.jpg 300w, https:\/\/lasalud.lat\/wp-content\/uploads\/2026\/08\/A5-Jose-Canacasco-768x512.jpg 768w, https:\/\/lasalud.lat\/wp-content\/uploads\/2026\/08\/A5-Jose-Canacasco.jpg 1275w\" sizes=\"auto, (max-width: 1024px) 100vw, 1024px\" \/><\/figure>\n\n\n\n<figure class=\"wp-block-image size-large\"><img loading=\"lazy\" decoding=\"async\" width=\"1024\" height=\"683\" data-id=\"591\" src=\"https:\/\/lasalud.lat\/wp-content\/uploads\/2026\/08\/Grupal-1-1024x683.jpg\" alt=\"\" class=\"wp-image-591\" srcset=\"https:\/\/lasalud.lat\/wp-content\/uploads\/2026\/08\/Grupal-1-1024x683.jpg 1024w, https:\/\/lasalud.lat\/wp-content\/uploads\/2026\/08\/Grupal-1-300x200.jpg 300w, https:\/\/lasalud.lat\/wp-content\/uploads\/2026\/08\/Grupal-1-768x512.jpg 768w, https:\/\/lasalud.lat\/wp-content\/uploads\/2026\/08\/Grupal-1.jpg 1275w\" sizes=\"auto, (max-width: 1024px) 100vw, 1024px\" \/><\/figure>\n<\/figure>\n\n\n\n<p class=\"wp-block-paragraph\">Para <strong>cabeza y cuello<\/strong> particip\u00f3 el <strong>T\u00e9c. Francisco P\u00e9rez Trujillo<\/strong>; en <strong>t\u00f3rax<\/strong>, la <strong>T\u00e9c. Janet Ayana Lima<\/strong>; en <strong>abdomen<\/strong>, el <strong>T\u00e9c. Rub\u00e9n Alarc\u00f3n Mu\u00f1oz<\/strong>; en <strong>pelvis<\/strong>, la <strong>T\u00e9c. Sandra Luz Ventura Ch\u00e1vez<\/strong>; y en <strong>extremidades<\/strong>, la <strong>T\u00e9c. Ma.<\/strong> <strong>Fernanda Sandoval Mej\u00eda<\/strong>. El primer d\u00eda concluy\u00f3 con <strong>\u201cCalidad del tratamiento y resultados cl\u00ednicos\u201d<\/strong>, desarrollado por la <strong>Dra. Rub\u00ed Ramos Prudencio<\/strong> y el <strong>M. en C. Jos\u00e9 Alejandro Jim\u00e9nez Acosta<\/strong>.<\/p>\n\n\n\n<h2 class=\"wp-block-heading\"><a><\/a><strong>Radioterapia avanzada y Adaptaci\u00f3n de tratamientos<\/strong><\/h2>\n\n\n\n<p class=\"wp-block-paragraph\">La segunda jornada se desarroll\u00f3 bajo el eje <strong>\u201cAplicaciones cl\u00ednicas, nuevas tecnolog\u00edas y QA\u201d<\/strong>, con contenidos orientados a t\u00e9cnicas avanzadas, modalidades adaptativas y herramientas destinadas al posicionamiento y monitoreo durante los tratamientos.<\/p>\n\n\n\n<p class=\"wp-block-paragraph\">El programa retom\u00f3 las actividades con <strong>\u201cRadioterapia avanzada\u201d<\/strong>, apartado que reuni\u00f3 tres temas. El primero fue <strong>SRS\/SBRT<\/strong>, presentado por la <strong>Dra. Josselyn Anai Olivares R\u00edos<\/strong>; posteriormente se abord\u00f3 <strong>Radioterapia en pediatr\u00eda<\/strong>, con la <strong>Dra. Guadalupe Garc\u00eda Vega<\/strong>; y finalmente se present\u00f3 <strong>Radioterapia Lattice<\/strong>, a cargo del <strong>Dr. Guillermo Pacheco Guti\u00e9rrez<\/strong>.<\/p>\n\n\n\n<h3 class=\"wp-block-heading\"><a href=\"https:\/\/whatsapp.com\/channel\/0029VaBL9vs7YSd02T2Y8h3t\">\u00daNETE A NUESTRO CANAL DE WHATSAPP. LASALUD.MX LA REVISTA DE LA COMUNIDAD M\u00c9DICA. \u00a1PORQUE LA SALUD ES PRIMERO!<\/a><\/h3>\n\n\n\n<p class=\"wp-block-paragraph\">El siguiente contenido fue <strong>\u201cRadioterapia adaptativa\u201d<\/strong>, dividido en dos aproximaciones: la modalidad <strong>basada en CT<\/strong>, presentada por el <strong>M. en C. Diana Brice\u00f1o Guel<\/strong>, y la modalidad <strong>basada en RM<\/strong>, desarrollada por el <strong>M. en C. Jos\u00e9 Alejandro Rojas L\u00f3pez<\/strong>. Con ello, el curso incorpor\u00f3 al segundo d\u00eda contenidos relacionados con diferentes estrategias para adaptar el tratamiento a las condiciones cl\u00ednicas y de imagen.<\/p>\n\n\n\n<h2 class=\"wp-block-heading\"><a><\/a><strong>Posicionamiento, Monitoreo y Herramientas complementarias<\/strong><\/h2>\n\n\n\n<p class=\"wp-block-paragraph\">La actualizaci\u00f3n continu\u00f3 con <strong>\u201cSistemas avanzados de posicionamiento y monitoreo\u201d<\/strong>, apartado que reuni\u00f3 distintas tecnolog\u00edas y sistemas. En <strong>C-Rad<\/strong> particip\u00f3 la <strong>F\u00eds. Sandra Huerta<\/strong>; en <strong>Exactrac<\/strong>, el <strong>Ph. D. Luis E. Fong de los Santos<\/strong>; en <strong>Luna<\/strong>, la <strong>MS Lucy Wolfsberger<\/strong>; y en <strong>Identify<\/strong>, el <strong>F\u00eds. Diego Orejuela<\/strong>.<\/p>\n\n\n\n<p class=\"wp-block-paragraph\">El \u00faltimo contenido acad\u00e9mico correspondi\u00f3 a <strong>\u201cHerramientas complementarias en radioterapia\u201d<\/strong>, presentado por el <strong>M. en C. \u00c1lvaro Daniel Cruz Cort\u00e9s<\/strong>. Despu\u00e9s se efectu\u00f3 la evaluaci\u00f3n final y se llev\u00f3 a cabo la clausura del curso, con lo que concluyeron las actividades previstas para las dos jornadas.<\/p>\n\n\n\n<figure class=\"wp-block-gallery aligncenter has-nested-images columns-default is-cropped wp-block-gallery-2 is-layout-flex wp-block-gallery-is-layout-flex\">\n<figure class=\"wp-block-image size-large\"><img loading=\"lazy\" decoding=\"async\" width=\"1024\" height=\"683\" data-id=\"594\" src=\"https:\/\/lasalud.lat\/wp-content\/uploads\/2026\/08\/B7-Diego-Mauricio-Orejuela-1024x683.jpg\" alt=\"\" class=\"wp-image-594\" srcset=\"https:\/\/lasalud.lat\/wp-content\/uploads\/2026\/08\/B7-Diego-Mauricio-Orejuela-1024x683.jpg 1024w, https:\/\/lasalud.lat\/wp-content\/uploads\/2026\/08\/B7-Diego-Mauricio-Orejuela-300x200.jpg 300w, https:\/\/lasalud.lat\/wp-content\/uploads\/2026\/08\/B7-Diego-Mauricio-Orejuela-768x512.jpg 768w, https:\/\/lasalud.lat\/wp-content\/uploads\/2026\/08\/B7-Diego-Mauricio-Orejuela.jpg 1275w\" sizes=\"auto, (max-width: 1024px) 100vw, 1024px\" \/><\/figure>\n\n\n\n<figure class=\"wp-block-image size-large\"><img loading=\"lazy\" decoding=\"async\" width=\"1024\" height=\"683\" data-id=\"593\" src=\"https:\/\/lasalud.lat\/wp-content\/uploads\/2026\/08\/B6-Lucy-Wolfsberger-1024x683.jpg\" alt=\"\" class=\"wp-image-593\" srcset=\"https:\/\/lasalud.lat\/wp-content\/uploads\/2026\/08\/B6-Lucy-Wolfsberger-1024x683.jpg 1024w, https:\/\/lasalud.lat\/wp-content\/uploads\/2026\/08\/B6-Lucy-Wolfsberger-300x200.jpg 300w, https:\/\/lasalud.lat\/wp-content\/uploads\/2026\/08\/B6-Lucy-Wolfsberger-768x512.jpg 768w, https:\/\/lasalud.lat\/wp-content\/uploads\/2026\/08\/B6-Lucy-Wolfsberger.jpg 1275w\" sizes=\"auto, (max-width: 1024px) 100vw, 1024px\" \/><\/figure>\n<\/figure>\n\n\n<div class=\"wp-block-image\">\n<figure class=\"aligncenter size-large\"><img loading=\"lazy\" decoding=\"async\" width=\"1024\" height=\"683\" src=\"https:\/\/lasalud.lat\/wp-content\/uploads\/2026\/08\/Grupal-2-1024x683.jpg\" alt=\"\" class=\"wp-image-592\" srcset=\"https:\/\/lasalud.lat\/wp-content\/uploads\/2026\/08\/Grupal-2-1024x683.jpg 1024w, https:\/\/lasalud.lat\/wp-content\/uploads\/2026\/08\/Grupal-2-300x200.jpg 300w, https:\/\/lasalud.lat\/wp-content\/uploads\/2026\/08\/Grupal-2-768x512.jpg 768w, https:\/\/lasalud.lat\/wp-content\/uploads\/2026\/08\/Grupal-2-1536x1024.jpg 1536w, https:\/\/lasalud.lat\/wp-content\/uploads\/2026\/08\/Grupal-2-2048x1365.jpg 2048w\" sizes=\"auto, (max-width: 1024px) 100vw, 1024px\" \/><\/figure>\n<\/div>\n\n\n<p class=\"wp-block-paragraph\">A trav\u00e9s de sus distintos bloques, el <strong>Curso de Educaci\u00f3n Continua en Radioterapia 2026<\/strong> recorri\u00f3 contenidos que fueron desde los fundamentos de la radioterapia y el control de calidad hasta la simulaci\u00f3n, planificaci\u00f3n, imagen guiada, t\u00e9cnicas avanzadas, radioterapia adaptativa y sistemas de posicionamiento y monitoreo. <strong>La precisi\u00f3n y la seguridad del tratamiento constituyeron un eje transversal del programa<\/strong>, en concordancia con el prop\u00f3sito establecido para fortalecer las competencias cl\u00ednicas y t\u00e9cnicas del personal involucrado en la pr\u00e1ctica radioterap\u00e9utica.<\/p>\n\n\n\n<p class=\"wp-block-paragraph\">Como parte de la exposici\u00f3n comercial, se presentaron diferentes servicios y soluciones dirigidas al \u00e1mbito de la radioterapia y la atenci\u00f3n oncol\u00f3gica, entre ellos, <strong>The AIO Solution 3.0 de Orfit<\/strong>, un sistema modular integral \u00abtodo en uno\u00bb dise\u00f1ado para el posicionamiento y la inmovilizaci\u00f3n de pacientes en los flujos de trabajo de radioterapia y oncolog\u00eda radioter\u00e1pica.<\/p>\n\n\n<div class=\"wp-block-image\">\n<figure class=\"aligncenter size-large\"><img loading=\"lazy\" decoding=\"async\" width=\"1024\" height=\"683\" src=\"https:\/\/lasalud.lat\/wp-content\/uploads\/2026\/08\/A6-1024x683.jpg\" alt=\"\" class=\"wp-image-586\" srcset=\"https:\/\/lasalud.lat\/wp-content\/uploads\/2026\/08\/A6-1024x683.jpg 1024w, https:\/\/lasalud.lat\/wp-content\/uploads\/2026\/08\/A6-300x200.jpg 300w, https:\/\/lasalud.lat\/wp-content\/uploads\/2026\/08\/A6-768x512.jpg 768w, https:\/\/lasalud.lat\/wp-content\/uploads\/2026\/08\/A6.jpg 1275w\" sizes=\"auto, (max-width: 1024px) 100vw, 1024px\" \/><\/figure>\n<\/div>\n\n\n<h2 class=\"wp-block-heading\"><a><\/a><strong>Las Entrevistas<\/strong><\/h2>\n\n\n\n<p class=\"wp-block-paragraph\">Como parte de la cobertura de <strong><a href=\"https:\/\/lasalud.mx\" data-type=\"link\" data-id=\"lasalud.mx\">LaSalud.mx<\/a><\/strong>, durante el desarrollo del curso se reunieron los testimonios de la <strong>Dra. Adela Poitevin<\/strong>, Jefa del Servicio de Radioterapia en el <strong>Hospital M\u00e9dica Sur<\/strong>; <strong>Luis E. Fong de los Santos<\/strong>, f\u00edsico m\u00e9dico de la <strong>Cl\u00ednica Mayo en Rochester, Minnesota<\/strong>; <strong>Jos\u00e9 Alejandro Jim\u00e9nez Acosta<\/strong>, f\u00edsico m\u00e9dico en el Hospital M\u00e9dica Sur; y <strong>\u00c1lvaro Daniel Cruz Cort\u00e9s<\/strong>, encargado de F\u00edsica M\u00e9dica en el departamento de radioterapia en el Hospital M\u00e9dica Sur. <strong>Estas conversaciones ser\u00e1n presentadas pr\u00f3ximamente como parte de un reportaje especial de <a href=\"https:\/\/lasalud.mx\" data-type=\"link\" data-id=\"lasalud.mx\">LaSalud.mx<\/a><\/strong>, con contenidos vinculados con la pr\u00e1ctica de la radioterapia, la f\u00edsica m\u00e9dica y los avances tecnol\u00f3gicos abordados durante el encuentro.<\/p>\n\n\n\n<blockquote class=\"wp-block-quote is-layout-flow wp-block-quote-is-layout-flow\">\n<p class=\"wp-block-paragraph\">Esta nota, as\u00ed como reportajes, entrevistas exclusivas, videos, podcast y m\u00e1s, los podr\u00e1s encontrar en nuestra pr\u00f3xima edici\u00f3n especial digital de <strong>Temas Selectos en Salud: Hospitales y Equipos M\u00e9dicos de \u00daltima Generaci\u00f3n.<\/strong><\/p>\n\n\n\n<p class=\"wp-block-paragraph\"><a href=\"http:\/\/www.lasalud.mx\"><strong>LaSalud.mx<\/strong><\/a> <strong>| <a href=\"https:\/\/oncologia.mx\" data-type=\"link\" data-id=\"oncologia.mx\">Oncologia.mx<\/a> <\/strong>La Revista de la Comunidad M\u00e9dica.<\/p>\n\n\n\n<p class=\"wp-block-paragraph\">Visita algunas de nuestras ediciones especiales en <a href=\"https:\/\/issuu.com\/grupo-mundodehoy\"><strong>https:\/\/issuu.com\/grupo-mundodehoy<\/strong><\/a><strong><\/strong><\/p>\n<\/blockquote>\n\n\n\n<p class=\"wp-block-paragraph\">D.E.<\/p>\n","protected":false},"excerpt":{"rendered":"<p>Especialistas revisaron control de calidad, nuevas tecnolog\u00edas y estrategias para fortalecer la seguridad de los tratamientos oncol\u00f3gicos Destacada participaci\u00f3n de EYMSA y The AIO Solution 3.0 de Orfit Por: Redacci\u00f3n | Fotograf\u00eda: Lourdes Hurtado, Daniela Escartin LaSalud.mx | LaSalud.lat, Ciudad de M\u00e9xico, 2 de septiembre de 2026 .- Los d\u00edas 21 y 22 de agosto &hellip;<\/p>\n","protected":false},"author":2,"featured_media":583,"comment_status":"open","ping_status":"open","sticky":false,"template":"","format":"standard","meta":{"footnotes":""},"categories":[15,3,432,7,426],"tags":[1026,1028,1035,1032,1027,1029,1036,91,56,1034,1033,1031,945,1037,1030,1042,1041,1038,1047,1048,1044,1039,1045,1050,1043,1052,1040,1049,21,1051,1046,1053,1054],"class_list":["post-582","post","type-post","status-publish","format-standard","has-post-thumbnail","","category-equipos","category-eventos","category-mexico","category-oncologia","category-paises","tag-adelapoitevinchacon","tag-albaestelacortesgutierrez","tag-alejandrocalvofernandez","tag-alvarodanielcruzcortes","tag-cursodeeducacioncontinuaenradioterapia","tag-dianabricenoguel","tag-diegoorejuela","tag-electronicaymedicina","tag-eymsa","tag-franciscopereztrujillo","tag-guadalupegarciavega","tag-guillermopachecogutierrez","tag-hospitalmedicasur","tag-janetayanalima","tag-jennercruzsandoval","tag-jesuslinaresmiranda","tag-jorgebastidaventura","tag-josealejandrojimenezacosta","tag-josealejandrorojaslopez","tag-josecanacascocuadros","tag-josselynanaiolivaresrios","tag-juliocesarmartinezrobledo","tag-lucywolfsberger","tag-luisefongdelossantos","tag-ma-fernandasandovalmejia","tag-marioalbertogonzalezramirez","tag-miguelangelperezpastenes","tag-nataliadelcastilloescribano","tag-portada","tag-rubenalarconmunoz","tag-rubiramosprudencio","tag-sandrahuerta","tag-sandraluzventurachavez"],"_links":{"self":[{"href":"https:\/\/lasalud.lat\/index.php?rest_route=\/wp\/v2\/posts\/582","targetHints":{"allow":["GET"]}}],"collection":[{"href":"https:\/\/lasalud.lat\/index.php?rest_route=\/wp\/v2\/posts"}],"about":[{"href":"https:\/\/lasalud.lat\/index.php?rest_route=\/wp\/v2\/types\/post"}],"author":[{"embeddable":true,"href":"https:\/\/lasalud.lat\/index.php?rest_route=\/wp\/v2\/users\/2"}],"replies":[{"embeddable":true,"href":"https:\/\/lasalud.lat\/index.php?rest_route=%2Fwp%2Fv2%2Fcomments&post=582"}],"version-history":[{"count":1,"href":"https:\/\/lasalud.lat\/index.php?rest_route=\/wp\/v2\/posts\/582\/revisions"}],"predecessor-version":[{"id":595,"href":"https:\/\/lasalud.lat\/index.php?rest_route=\/wp\/v2\/posts\/582\/revisions\/595"}],"wp:featuredmedia":[{"embeddable":true,"href":"https:\/\/lasalud.lat\/index.php?rest_route=\/wp\/v2\/media\/583"}],"wp:attachment":[{"href":"https:\/\/lasalud.lat\/index.php?rest_route=%2Fwp%2Fv2%2Fmedia&parent=582"}],"wp:term":[{"taxonomy":"category","embeddable":true,"href":"https:\/\/lasalud.lat\/index.php?rest_route=%2Fwp%2Fv2%2Fcategories&post=582"},{"taxonomy":"post_tag","embeddable":true,"href":"https:\/\/lasalud.lat\/index.php?rest_route=%2Fwp%2Fv2%2Ftags&post=582"}],"curies":[{"name":"wp","href":"https:\/\/api.w.org\/{rel}","templated":true}]}}