{"id":49,"date":"2026-04-12T14:25:35","date_gmt":"2026-04-12T14:25:35","guid":{"rendered":"https:\/\/lasalud.lat\/?p=49"},"modified":"2026-04-13T20:28:25","modified_gmt":"2026-04-13T20:28:25","slug":"pet-ct-umi-550-en-guadalajara-un-salto-real-hacia-la-medicina-de-precision","status":"publish","type":"post","link":"https:\/\/lasalud.lat\/?p=49","title":{"rendered":"PET\/CT uMI 550 en Guadalajara: un salto real hacia la medicina de precisi\u00f3n"},"content":{"rendered":"\n<p class=\"wp-block-paragraph\"><strong>La incorporaci\u00f3n de esta tecnolog\u00eda en Laboratorio Chopo redefine el diagn\u00f3stico en el occidente del pa\u00eds, al permitir identificar lesiones milim\u00e9tricas con alta precisi\u00f3n y reducir tiempos de estudio<\/strong><\/p>\n\n\n\n<p class=\"wp-block-paragraph\"><em>Por: Carlos Henze \/ Fotograf\u00eda: Lourdes Hurtado<\/em><\/p>\n\n\n\n<p class=\"wp-block-paragraph\"><strong><a href=\"http:\/\/lasalud.mx\" data-type=\"link\" data-id=\"lasalud.mx\">LaSalud.mx<\/a>\u00a0\/ LaSalud.lat, Guadalajara, M\u00e9xico, 11 de abril de 2026 .-<\/strong> En un paso significativo para la medicina diagn\u00f3stica en el occidente de M\u00e9xico, <strong>Laboratorio M\u00e9dico del Chopo<\/strong>, present\u00f3 el jueves 17 de octubre del presente a\u00f1o, el avanzado sistema <strong>PET\/CT uMI 550<\/strong>, marcando un hito en el panorama de la salud regional. La ceremonia de inauguraci\u00f3n, celebrada en la emblem\u00e1tica sede de <strong>Chopo Las Am\u00e9ricas en Guadalajara<\/strong>, reuni\u00f3 a una destacada concurrencia de profesionales m\u00e9dicos, l\u00edderes de la industria y ejecutivos de <strong>United Imaging Healthcare<\/strong>, el fabricante chino de este innovador equipo, y de <strong>Electr\u00f3nica y Medicina,<\/strong> su distribuidor exclusivo en M\u00e9xico. El evento resalt\u00f3 un compromiso compartido para mejorar la precisi\u00f3n y accesibilidad del diagn\u00f3stico en un pa\u00eds donde el c\u00e1ncer sigue siendo la tercera causa de mortalidad.<\/p>\n\n\n\n<figure class=\"wp-block-gallery has-nested-images columns-default is-cropped wp-block-gallery-1 is-layout-flex wp-block-gallery-is-layout-flex\">\n<figure class=\"wp-block-image size-large\"><img decoding=\"async\" data-id=\"75704\" src=\"https:\/\/lasalud.mx\/wp-content\/uploads\/2025\/11\/WhatsApp-Image-2025-11-04-at-14.30.44-1024x683.jpeg\" alt=\"\" class=\"wp-image-75704\"\/><\/figure>\n\n\n\n<figure class=\"wp-block-image size-large\"><img decoding=\"async\" data-id=\"75709\" src=\"https:\/\/lasalud.mx\/wp-content\/uploads\/2025\/11\/WhatsApp-Image-2025-11-04-at-14.30.42-1024x683.jpeg\" alt=\"\" class=\"wp-image-75709\"\/><\/figure>\n\n\n\n<figure class=\"wp-block-image size-large\"><img decoding=\"async\" data-id=\"75703\" src=\"https:\/\/lasalud.mx\/wp-content\/uploads\/2025\/11\/WhatsApp-Image-2025-11-04-at-14.30.44-1-1024x683.jpeg\" alt=\"\" class=\"wp-image-75703\"\/><\/figure>\n\n\n\n<figure class=\"wp-block-image size-large\"><img decoding=\"async\" data-id=\"75701\" src=\"https:\/\/lasalud.mx\/wp-content\/uploads\/2025\/11\/WhatsApp-Image-2025-11-04-at-14.30.45-1024x683.jpeg\" alt=\"\" class=\"wp-image-75701\"\/><\/figure>\n<\/figure>\n\n\n\n<p class=\"wp-block-paragraph\">El PET\/CT uMI 550, un sistema digital que combina tomograf\u00eda por emisi\u00f3n de positrones y tomograf\u00eda computarizada representa un cambio de paradigma en imagen molecular. Con una resoluci\u00f3n NEMA de 2.9 mm y un campo de visi\u00f3n axial de 24 cm, el equipo ofrece una claridad excepcional para detectar lesiones de hasta 0.2 mm, <strong>crucial para el diagn\u00f3stico temprano en oncolog\u00eda, cardiolog\u00eda y neurolog\u00eda<\/strong>. Su detector digital de gu\u00eda de luz integrado y su reconstrucci\u00f3n impulsada por inteligencia artificial, entrenada con datos de PET de cuerpo completo, permiten escaneos de cuerpo entero en apenas ocho minutos, con dosis de radiaci\u00f3n reducidas hasta en un 50% respecto a sistemas anal\u00f3gicos tradicionales.<\/p>\n\n\n\n<figure class=\"wp-block-gallery has-nested-images columns-default is-cropped wp-block-gallery-2 is-layout-flex wp-block-gallery-is-layout-flex\">\n<figure class=\"wp-block-image size-large\"><img decoding=\"async\" data-id=\"75711\" src=\"https:\/\/lasalud.mx\/wp-content\/uploads\/2025\/11\/WhatsApp-Image-2025-11-04-at-14.30.41-1024x683.jpeg\" alt=\"\" class=\"wp-image-75711\"\/><\/figure>\n\n\n\n<figure class=\"wp-block-image size-large\"><img decoding=\"async\" data-id=\"75707\" src=\"https:\/\/lasalud.mx\/wp-content\/uploads\/2025\/11\/WhatsApp-Image-2025-11-04-at-14.30.43-1024x683.jpeg\" alt=\"\" class=\"wp-image-75707\"\/><\/figure>\n\n\n\n<figure class=\"wp-block-image size-large\"><img decoding=\"async\" data-id=\"75710\" src=\"https:\/\/lasalud.mx\/wp-content\/uploads\/2025\/11\/WhatsApp-Image-2025-11-04-at-14.30.41-1-1024x683.jpeg\" alt=\"\" class=\"wp-image-75710\"\/><\/figure>\n\n\n\n<figure class=\"wp-block-image size-large\"><img decoding=\"async\" data-id=\"75700\" src=\"https:\/\/lasalud.mx\/wp-content\/uploads\/2025\/11\/WhatsApp-Image-2025-11-04-at-14.30.45-1-1024x683.jpeg\" alt=\"\" class=\"wp-image-75700\"\/><\/figure>\n<\/figure>\n\n\n\n<p class=\"wp-block-paragraph\">\u201cEsta renovaci\u00f3n de equipo representa una oportunidad para seguir acercando el diagn\u00f3stico de alta especialidad a los m\u00e9dicos y pacientes del Occidente del pa\u00eds. Con esta apertura en Guadalajara, fortalecemos la red nacional de gabinetes del Laboratorio M\u00e9dico del Chopo y garantizamos que los est\u00e1ndares que nos distinguen est\u00e9n disponibles tambi\u00e9n en el occidente del pa\u00eds\u201d. Asegur\u00f3 la <strong>Dra. M\u00f3nica Rinc\u00f3n Camargo, <\/strong>Directora Nacional de Gabinetes de Grupo Diagn\u00f3stico PROA, durante la inauguraci\u00f3n del nuevo Equipo de PET\/CT, en el Laboratorio M\u00e9dico del Chopo en Guadalajara, quien agreg\u00f3: \u201cCada estudio se realiza bajo protocolos estandarizados, auditados por la Comisi\u00f3n Nacional de Seguridad Nuclear y Salvaguardias y por normas internacionales de imagen molecular. El PET\/CT United UMI 550 incorpora sistemas de control de dosis, calibraci\u00f3n automatizada y conectividad total con nuestros especialistas a nivel nacional. Esto asegura resultados confiables, comparables y con trazabilidad completa, tal como en nuestras sedes de referencia\u201d.<\/p>\n\n\n\n<figure class=\"wp-block-gallery has-nested-images columns-default is-cropped wp-block-gallery-3 is-layout-flex wp-block-gallery-is-layout-flex\">\n<figure class=\"wp-block-image size-large\"><img decoding=\"async\" data-id=\"75685\" src=\"https:\/\/lasalud.mx\/wp-content\/uploads\/2025\/11\/WhatsApp-Image-2025-11-04-at-14.30.52-2-1024x683.jpeg\" alt=\"\" class=\"wp-image-75685\"\/><\/figure>\n\n\n\n<figure class=\"wp-block-image size-large\"><img decoding=\"async\" data-id=\"75681\" src=\"https:\/\/lasalud.mx\/wp-content\/uploads\/2025\/11\/WhatsApp-Image-2025-11-04-at-14.30.54-1-1024x683.jpeg\" alt=\"\" class=\"wp-image-75681\"\/><\/figure>\n\n\n\n<figure class=\"wp-block-image size-large\"><img decoding=\"async\" data-id=\"75683\" src=\"https:\/\/lasalud.mx\/wp-content\/uploads\/2025\/11\/WhatsApp-Image-2025-11-04-at-14.30.53-1-1024x683.jpeg\" alt=\"\" class=\"wp-image-75683\"\/><\/figure>\n\n\n\n<figure class=\"wp-block-image size-large\"><img decoding=\"async\" data-id=\"75666\" src=\"https:\/\/lasalud.mx\/wp-content\/uploads\/2025\/11\/WhatsApp-Image-2025-11-04-at-14.31.02-1-1024x683.jpeg\" alt=\"\" class=\"wp-image-75666\"\/><\/figure>\n<\/figure>\n\n\n\n<p class=\"wp-block-paragraph\">La ceremonia, que congreg\u00f3 a m\u00e1s de 50 asistentes, fue encabezada por <strong>Carlos Alberto Mosqueira P\u00e9rez,<\/strong> Director General de Grupo Diagn\u00f3stico Proa, quien estuvo acompa\u00f1ado por <strong>Pricila Andrade V.<\/strong> Directora de Marketing y Ecommerce, Dra. <strong>M\u00f3nica Rinc\u00f3n Camargo, <\/strong>Directora Nacional de Gabinetes, Dr. <strong>Sergio Armando Barba, <\/strong>Subdirector M\u00e9dico Occidente, \u00a0<strong>Florencia Gallardo<\/strong>, Directora de Operaciones Occidente; por parte de United Imaging Healthcare se tuvo el agrado y distinci\u00f3n de contar con la presencia de <strong>Simon Hong<\/strong>, Gerente General de Am\u00e9rica Latina, <strong>Dr. Rafael Jaller,<\/strong> Gerente de producto en Medicina Nuclear; <strong>Rafi Reyes<\/strong>, Gerente de producto en Resonancia Magn\u00e9tica y <strong>Laura Rativa Fonseca<\/strong>, Gerente de Marketing de Am\u00e9rica Latina, as\u00ed como de <strong>Ana Claudia Roccatti<\/strong>, L\u00edder de Marketing de <strong>EYMSA<\/strong>.<\/p>\n\n\n\n<figure class=\"wp-block-gallery has-nested-images columns-default is-cropped wp-block-gallery-4 is-layout-flex wp-block-gallery-is-layout-flex\">\n<figure class=\"wp-block-image size-large\"><img decoding=\"async\" data-id=\"75668\" src=\"https:\/\/lasalud.mx\/wp-content\/uploads\/2025\/11\/WhatsApp-Image-2025-11-04-at-14.31.01-1-1024x683.jpeg\" alt=\"\" class=\"wp-image-75668\"\/><\/figure>\n\n\n\n<figure class=\"wp-block-image size-large\"><img decoding=\"async\" data-id=\"75708\" src=\"https:\/\/lasalud.mx\/wp-content\/uploads\/2025\/11\/WhatsApp-Image-2025-11-04-at-14.30.42-1-1024x683.jpeg\" alt=\"\" class=\"wp-image-75708\"\/><\/figure>\n\n\n\n<figure class=\"wp-block-image size-large\"><img decoding=\"async\" data-id=\"75667\" src=\"https:\/\/lasalud.mx\/wp-content\/uploads\/2025\/11\/WhatsApp-Image-2025-11-04-at-14.31.02-1024x683.jpeg\" alt=\"\" class=\"wp-image-75667\"\/><\/figure>\n\n\n\n<figure class=\"wp-block-image size-large\"><img decoding=\"async\" data-id=\"75691\" src=\"https:\/\/lasalud.mx\/wp-content\/uploads\/2025\/11\/WhatsApp-Image-2025-11-04-at-14.30.49-1-1024x683.jpeg\" alt=\"\" class=\"wp-image-75691\"\/><\/figure>\n<\/figure>\n\n\n\n<p class=\"wp-block-paragraph\">Durante este evento tambi\u00e9n se dieron cita l\u00edderes de asociaciones m\u00e9dicas locales y destacados integrantes del sector salud local y nacional, quienes destacaron los esfuerzos colaborativos detr\u00e1s de la llegada del uMI 550.<\/p>\n\n\n\n<figure class=\"wp-block-gallery has-nested-images columns-default is-cropped wp-block-gallery-5 is-layout-flex wp-block-gallery-is-layout-flex\">\n<figure class=\"wp-block-image size-large\"><img decoding=\"async\" data-id=\"75675\" src=\"https:\/\/lasalud.mx\/wp-content\/uploads\/2025\/11\/WhatsApp-Image-2025-11-04-at-14.30.57-1-1024x683.jpeg\" alt=\"\" class=\"wp-image-75675\"\/><\/figure>\n\n\n\n<figure class=\"wp-block-image size-large\"><img decoding=\"async\" data-id=\"75684\" src=\"https:\/\/lasalud.mx\/wp-content\/uploads\/2025\/11\/WhatsApp-Image-2025-11-04-at-14.30.53-1024x683.jpeg\" alt=\"\" class=\"wp-image-75684\"\/><\/figure>\n\n\n\n<figure class=\"wp-block-image size-large\"><img decoding=\"async\" data-id=\"75673\" src=\"https:\/\/lasalud.mx\/wp-content\/uploads\/2025\/11\/WhatsApp-Image-2025-11-04-at-14.30.59-1024x683.jpeg\" alt=\"\" class=\"wp-image-75673\"\/><\/figure>\n\n\n\n<figure class=\"wp-block-image size-large\"><img decoding=\"async\" data-id=\"75682\" src=\"https:\/\/lasalud.mx\/wp-content\/uploads\/2025\/11\/WhatsApp-Image-2025-11-04-at-14.30.54-1024x683.jpeg\" alt=\"\" class=\"wp-image-75682\"\/><\/figure>\n<\/figure>\n\n\n\n<p class=\"wp-block-paragraph\"><strong>Grupo Diagn\u00f3stico Proa<\/strong>, con m\u00e1s de 70 a\u00f1os de liderazgo en diagn\u00f3stico cl\u00ednico y una red que supera las 600 sucursales, reafirm\u00f3 su misi\u00f3n de vincular tecnolog\u00eda de vanguardia con la atenci\u00f3n al paciente. <strong>United Imaging Healhcare<\/strong> innovador global en imagenolog\u00eda m\u00e9dica, present\u00f3 las capacidades de flujo de trabajo m\u00f3vil y correcci\u00f3n de movimiento en tiempo real del uMI 550, dise\u00f1adas para prevenir la obsolescencia tecnol\u00f3gica. <strong>EYMSA, <\/strong>parte del Grupo CMR con <strong>45 a\u00f1os de experiencia en distribuci\u00f3n de equipos m\u00e9dicos,<\/strong> subray\u00f3 su papel pionero. \u201cNuestro objetivo es garantizar que los diagn\u00f3sticos de alta tecnolog\u00eda lleguen a todos los rincones de M\u00e9xico, no solo a sus centros urbanos\u201d, declar\u00f3 <strong>Ana Roccatti<\/strong> de Electr\u00f3nica y Medicina en representaci\u00f3n del <strong>Ing. Cuauhtemoc Monroy<\/strong>, Director Comercial de EYMSA.<\/p>\n\n\n\n<figure class=\"wp-block-gallery has-nested-images columns-default is-cropped wp-block-gallery-6 is-layout-flex wp-block-gallery-is-layout-flex\">\n<figure class=\"wp-block-image size-large\"><img decoding=\"async\" data-id=\"75697\" src=\"https:\/\/lasalud.mx\/wp-content\/uploads\/2025\/11\/WhatsApp-Image-2025-11-04-at-14.30.46-2-1024x683.jpeg\" alt=\"\" class=\"wp-image-75697\"\/><\/figure>\n\n\n\n<figure class=\"wp-block-image size-large\"><img decoding=\"async\" data-id=\"75680\" src=\"https:\/\/lasalud.mx\/wp-content\/uploads\/2025\/11\/WhatsApp-Image-2025-11-04-at-14.30.55-1024x683.jpeg\" alt=\"\" class=\"wp-image-75680\"\/><\/figure>\n\n\n\n<figure class=\"wp-block-image size-large\"><img decoding=\"async\" data-id=\"75705\" src=\"https:\/\/lasalud.mx\/wp-content\/uploads\/2025\/11\/WhatsApp-Image-2025-11-04-at-14.30.43-2-1024x683.jpeg\" alt=\"\" class=\"wp-image-75705\"\/><\/figure>\n\n\n\n<figure class=\"wp-block-image size-large\"><img decoding=\"async\" data-id=\"75693\" src=\"https:\/\/lasalud.mx\/wp-content\/uploads\/2025\/11\/WhatsApp-Image-2025-11-04-at-14.30.48-1-1024x683.jpeg\" alt=\"\" class=\"wp-image-75693\"\/><\/figure>\n<\/figure>\n\n\n\n<h2 class=\"wp-block-heading\"><strong>Una visi\u00f3n profunda del potencial transformador del uMI 550<\/strong><\/h2>\n\n\n\n<p class=\"wp-block-paragraph\">La QFB. <strong>Flor<\/strong><strong>encia Gallardo, <\/strong>radicada en Jalisco<strong>, Directora Regional de Operaciones de Occidente, <\/strong>del Laboratorio M\u00e9dico del Chopo, interrogada sobre \u00bfQu\u00e9 representa la renovaci\u00f3n de este nuevo Equipo de PET\/CT para Guadalajara? contest\u00f3:<strong>\u201c<\/strong>Para nosotros, este nuevo equipo representa mucho m\u00e1s que una tecnolog\u00eda: simboliza el compromiso del Laboratorio Chopo con la innovaci\u00f3n, la accesibilidad y la salud de los pacientes en el occidente del pa\u00eds. Guadalajara es una ciudad estrat\u00e9gica, con una poblaci\u00f3n en crecimiento y una comunidad m\u00e9dica de alto nivel. El valor m\u00e1s grande est\u00e1 en la oportunidad. Lo cual nos permite acercar la tecnolog\u00eda de punta a m\u00e1s pacientes, reduciendo traslados, tiempos de espera y costos.<\/p>\n\n\n\n<figure class=\"wp-block-embed is-type-video is-provider-youtube wp-block-embed-youtube wp-embed-aspect-16-9 wp-has-aspect-ratio\"><div class=\"wp-block-embed__wrapper\">\n<iframe loading=\"lazy\" title=\"QFB Florencia Gallardo en Inauguraci\u00f3n de PET-CT en Laboratorio M\u00e9dico del Chopo Guadalajara\" width=\"618\" height=\"348\" src=\"https:\/\/www.youtube.com\/embed\/hDvZ6sRQC58?feature=oembed\" frameborder=\"0\" allow=\"accelerometer; autoplay; clipboard-write; encrypted-media; gyroscope; picture-in-picture; web-share\" referrerpolicy=\"strict-origin-when-cross-origin\" allowfullscreen><\/iframe>\n<\/div><\/figure>\n\n\n\n<p class=\"wp-block-paragraph\">Para el Dr. <strong>Sergio Barba Pineda, <\/strong>Subdirector M\u00e9dico de Occidente. M\u00e9dico radi\u00f3logo con subespecialidad en Neuroradiolog\u00eda y Coordinador Nacional de Resonancia Magn\u00e9tica para Grupo Diagn\u00f3stico PROA, asegur\u00f3 que \u201cla renovaci\u00f3n del Equipo de PET\/CT United uMI 550, representa un avance trascendental para la salud en Jalisco. Este equipo coloca a la regi\u00f3n a la altura de los grandes centros de diagn\u00f3stico del pa\u00eds. Con esta tecnolog\u00eda, podemos ofrecer estudios de precisi\u00f3n con la mejor tecnolog\u00eda digital. Lo m\u00e1s importante es que los pacientes podr\u00e1n atenderse cerca de casa, con los mismos est\u00e1ndares de calidad y seguridad a nivel nacional. <strong>Esta inversi\u00f3n fortalece la atenci\u00f3n m\u00e9dica en el occidente del pa\u00eds, <\/strong>as\u00ed como la capacidad diagn\u00f3stica y ampl\u00eda las opciones terap\u00e9uticas de los m\u00e9dicos tratantes. Nos permite detectar enfermedades en etapas m\u00e1s tempranas y acompa\u00f1ar mejor los tratamientos. El PET\/CT uMI 550 no solo es un equipo: es un nuevo cap\u00edtulo en la atenci\u00f3n m\u00e9dica integral para nuestra regi\u00f3n\u201d.\u00a0\u00a0<\/p>\n\n\n\n<figure class=\"wp-block-embed is-type-video is-provider-youtube wp-block-embed-youtube wp-embed-aspect-16-9 wp-has-aspect-ratio\"><div class=\"wp-block-embed__wrapper\">\n<iframe loading=\"lazy\" title=\"Dr. Sergio Barba Pineda en Inauguraci\u00f3n de PET-CT en Laboratorio M\u00e9dico del Chopo Guadalajara\" width=\"618\" height=\"348\" src=\"https:\/\/www.youtube.com\/embed\/PsjK2xhS0Zw?feature=oembed\" frameborder=\"0\" allow=\"accelerometer; autoplay; clipboard-write; encrypted-media; gyroscope; picture-in-picture; web-share\" referrerpolicy=\"strict-origin-when-cross-origin\" allowfullscreen><\/iframe>\n<\/div><\/figure>\n\n\n\n<p class=\"wp-block-paragraph\">\u201cLos m\u00e9dicos est\u00e1n impresionados con la calidad de imagen y la rapidez de los reportes y de los estudios. Los pacientes valoran el trato humano y la confianza de poder hacerse un estudio de alta complejidad sin necesidad de salir del estado. Es gratificante ver que Jalisco se consolida como referente en medicina nuclear del occidente\u201d. Asegur\u00f3 el Dr. Sergio Barba<\/p>\n\n\n\n<figure class=\"wp-block-embed is-type-video is-provider-youtube wp-block-embed-youtube wp-embed-aspect-16-9 wp-has-aspect-ratio\"><div class=\"wp-block-embed__wrapper\">\n<iframe loading=\"lazy\" title=\"Dr. Miguel \u00c1ngel Valenzuela en Inauguraci\u00f3n de PET-CT en Laboratorio M\u00e9dico del Chopo Guadalajara\" width=\"618\" height=\"348\" src=\"https:\/\/www.youtube.com\/embed\/3VuJ3XtppWg?feature=oembed\" frameborder=\"0\" allow=\"accelerometer; autoplay; clipboard-write; encrypted-media; gyroscope; picture-in-picture; web-share\" referrerpolicy=\"strict-origin-when-cross-origin\" allowfullscreen><\/iframe>\n<\/div><\/figure>\n\n\n\n<p class=\"wp-block-paragraph\">Por su parte el Dr. <strong>Miguel \u00c1ngel Valenzuela Hern\u00e1ndez, <\/strong>M\u00e9dico nuclear, egresado del Hospital de Especialidades, Centro M\u00e9dico Nacional La Raza, con posgrado en oncolog\u00eda molecular y terap\u00e9utica, posgrado en neurociencias nucleares, por el Instituto Nacional de Neurolog\u00eda y Neurocirug\u00eda. Responsable y encargado de la unidad PET\/CT del Laboratorio M\u00e9dico del Chopo, localizado en la ciudad de Guadalajara, a pregunta expresa sobre \u00bfC\u00f3mo se integran los estudios de PET\/CT en la pr\u00e1ctica m\u00e9dica diaria y qu\u00e9 valor agregado aportan frente a otros m\u00e9todos diagn\u00f3sticos? Valenzuela asegur\u00f3 que<strong>: \u201c<\/strong>La integraci\u00f3n de los estudios PET\/CT aporta varios conceptos muy valiosos, estos conceptos involucran la parte metab\u00f3lica y funcional debido a que muchas de las enfermedades oncol\u00f3gicas empiezan con un proceso de metabolismo tumoral, el cual puede ser muy incipiente, no ser visible, pero nosotros de manera anticipada podemos localizarlo, dar tratamiento, incluso cuatro a seis meses antes de que aparezca esta patolog\u00eda morfol\u00f3gica. En cuanto al aporte que hace a los m\u00e9todos diagn\u00f3sticos anat\u00f3micos, nos da mucha informaci\u00f3n sobre el proceso tumoral en la parte oncol\u00f3gica del comportamiento de las c\u00e9lulas neopl\u00e1sicas. Esto sirve de manera muy importante, porque cuando est\u00e1 bien localizado, el m\u00e9dico onc\u00f3logo o radioonc\u00f3logo puede definir qu\u00e9 tratamiento seguir\u00e1 para el manejo incipiente de esa lesi\u00f3n o si est\u00e1 diseminado, el tratamiento puede modificarse.<\/p>\n\n\n\n<figure class=\"wp-block-gallery has-nested-images columns-default is-cropped wp-block-gallery-7 is-layout-flex wp-block-gallery-is-layout-flex\">\n<figure class=\"wp-block-image size-large\"><img decoding=\"async\" data-id=\"75669\" src=\"https:\/\/lasalud.mx\/wp-content\/uploads\/2025\/11\/WhatsApp-Image-2025-11-04-at-14.31.01-1024x683.jpeg\" alt=\"\" class=\"wp-image-75669\"\/><\/figure>\n\n\n\n<figure class=\"wp-block-image size-large\"><img decoding=\"async\" data-id=\"75676\" src=\"https:\/\/lasalud.mx\/wp-content\/uploads\/2025\/11\/WhatsApp-Image-2025-11-04-at-14.30.57-1024x683.jpeg\" alt=\"\" class=\"wp-image-75676\"\/><\/figure>\n\n\n\n<figure class=\"wp-block-image size-large\"><img decoding=\"async\" data-id=\"75672\" src=\"https:\/\/lasalud.mx\/wp-content\/uploads\/2025\/11\/WhatsApp-Image-2025-11-04-at-14.30.59-1-1024x683.jpeg\" alt=\"\" class=\"wp-image-75672\"\/><\/figure>\n\n\n\n<figure class=\"wp-block-image size-large\"><img decoding=\"async\" data-id=\"75677\" src=\"https:\/\/lasalud.mx\/wp-content\/uploads\/2025\/11\/WhatsApp-Image-2025-11-04-at-14.30.56-1-1024x683.jpeg\" alt=\"\" class=\"wp-image-75677\"\/><\/figure>\n\n\n\n<figure class=\"wp-block-image size-large\"><img decoding=\"async\" data-id=\"75674\" src=\"https:\/\/lasalud.mx\/wp-content\/uploads\/2025\/11\/WhatsApp-Image-2025-11-04-at-14.30.58-1024x683.jpeg\" alt=\"\" class=\"wp-image-75674\"\/><\/figure>\n<\/figure>\n\n\n\n<h2 class=\"wp-block-heading\"><strong>\u00bfQu\u00e9 otras patolog\u00edas no oncol\u00f3gicas se pueden diagnosticar con este equipo?<\/strong><\/h2>\n\n\n\n<p class=\"wp-block-paragraph\">En cuanto a lo no oncol\u00f3gico, el PET\/CT tiene mucha utilidad debido a que tambi\u00e9n se puede utilizar en la parte neurol\u00f3gica. Es un m\u00e9todo bastante sensible y espec\u00edfico para detectar enfermedades neurodegenerativas, estamos hablando de tales enfermedades como el Alzheimer, la enfermedad de cuerpos de Lewy, el Parkinson. De esta manera nosotros podemos anticiparnos a un diagn\u00f3stico oportuno, el cual pueda incluso diagnosticarse cuatro, seis o m\u00e1s meses con anticipaci\u00f3n para dar un manejo y retrasar los s\u00edntomas y los efectos secundarios de esta enfermedad. Coment\u00f3 el Dr. Valenzuela y abund\u00f3: \u201cPor la parte cardiol\u00f3gica, el estudio PET\/CT nos da bastante informaci\u00f3n sobre la extensi\u00f3n del infarto o isquemia y poder de esta manera nosotros valorar si hay viabilidad metab\u00f3lica del miocardio para poder ser susceptible a un tratamiento ya sea con cateterismo o tratamiento farmacol\u00f3gico. Otra parte tambi\u00e9n muy \u00fatil es la detecci\u00f3n de focos infecciosos. Los focos infecciosos en pacientes de origen donde no se ha detectado o de origen oculto, el PET\/CT tiene muy buena sensibilidad para localizarlo, identificarlo y darle un tratamiento tambi\u00e9n oportuno\u201d.<\/p>\n\n\n\n<figure class=\"wp-block-gallery has-nested-images columns-default is-cropped wp-block-gallery-8 is-layout-flex wp-block-gallery-is-layout-flex\">\n<figure class=\"wp-block-image size-large\"><img decoding=\"async\" data-id=\"75678\" src=\"https:\/\/lasalud.mx\/wp-content\/uploads\/2025\/11\/WhatsApp-Image-2025-11-04-at-14.30.56-1024x683.jpeg\" alt=\"\" class=\"wp-image-75678\"\/><\/figure>\n\n\n\n<figure class=\"wp-block-image size-large\"><img decoding=\"async\" data-id=\"75687\" src=\"https:\/\/lasalud.mx\/wp-content\/uploads\/2025\/11\/WhatsApp-Image-2025-11-04-at-14.30.52-1024x683.jpeg\" alt=\"\" class=\"wp-image-75687\"\/><\/figure>\n\n\n\n<figure class=\"wp-block-image size-large\"><img decoding=\"async\" data-id=\"75689\" src=\"https:\/\/lasalud.mx\/wp-content\/uploads\/2025\/11\/WhatsApp-Image-2025-11-04-at-14.30.50-1-1024x683.jpeg\" alt=\"\" class=\"wp-image-75689\"\/><\/figure>\n\n\n\n<figure class=\"wp-block-image size-large\"><img decoding=\"async\" data-id=\"75679\" src=\"https:\/\/lasalud.mx\/wp-content\/uploads\/2025\/11\/WhatsApp-Image-2025-11-04-at-14.30.55-1-1024x683.jpeg\" alt=\"\" class=\"wp-image-75679\"\/><\/figure>\n<\/figure>\n\n\n\n<p class=\"wp-block-paragraph\"><strong>Para la Dra. M\u00f3nica Rinc\u00f3n Camargo, <\/strong>Directora Nacional de Gabinetes del Grupo Diagn\u00f3stico Proa, asegur\u00f3 convencida de que \u201cla comunicaci\u00f3n es clave en nuestro modelo. Mantenemos comunicaci\u00f3n directa entre los m\u00e9dicos de referencia y los especialistas en PET\/CT, lo que permite interpretar los resultados en un contexto cl\u00ednico. Adem\u00e1s, impulsamos programas de educaci\u00f3n m\u00e9dica continua en la regi\u00f3n para fortalecer el trabajo conjunto entre onc\u00f3logos, radi\u00f3logos y m\u00e9dicos referentes. Lo cual convierte a cada estudio en una herramienta integral para la toma de decisiones\u201d.<\/p>\n\n\n\n<figure class=\"wp-block-embed is-type-video is-provider-youtube wp-block-embed-youtube wp-embed-aspect-16-9 wp-has-aspect-ratio\"><div class=\"wp-block-embed__wrapper\">\n<iframe loading=\"lazy\" title=\"Dra. M\u00f3nica Rinc\u00f3n Camargo en Inauguraci\u00f3n de PET-CT en Laboratorio M\u00e9dico del Chopo Guadalajara\" width=\"618\" height=\"348\" src=\"https:\/\/www.youtube.com\/embed\/kzG_oq6SyCY?feature=oembed\" frameborder=\"0\" allow=\"accelerometer; autoplay; clipboard-write; encrypted-media; gyroscope; picture-in-picture; web-share\" referrerpolicy=\"strict-origin-when-cross-origin\" allowfullscreen><\/iframe>\n<\/div><\/figure>\n\n\n\n<p class=\"wp-block-paragraph\">El <strong>Dr. Rafael Jaller Vanegas, <\/strong>M\u00e9dico nuclear y especialista de producto para United Imaging Healtcare en Imagen Molecular, aprovecho el espacio ofrecido para enviar el siguiente mensaje: \u201cEs un placer poder traer este tipo de tecnolog\u00eda a Guadalajara. Tenemos con nosotros el PET\/CT UMI 550, el cual ha significado un cambio de un equipo anal\u00f3gico a una tecnolog\u00eda digital. Esto nos permite realizar estudios en menor tiempo y\/o con menor dosis de radiotrazador. Este tipo de tecnolog\u00eda viene acompa\u00f1ado con desarrollo de inteligencia artificial y softwares que nos permiten mejorar la calidad de la imagen, obteniendo im\u00e1genes m\u00e1s certeras, con mayor confiabilidad diagn\u00f3stica y obviamente quien m\u00e1s se ve beneficiado es el paciente, quien puede tener un diagn\u00f3stico m\u00e1s precoz, m\u00e1s preciso para un abordaje terap\u00e9utico multidisciplinar\u00bb.<\/p>\n\n\n\n<figure class=\"wp-block-embed is-type-video is-provider-youtube wp-block-embed-youtube wp-embed-aspect-16-9 wp-has-aspect-ratio\"><div class=\"wp-block-embed__wrapper\">\n<iframe loading=\"lazy\" title=\"Dr. Rafael Jaller en Inauguraci\u00f3n de PET-CT en Laboratorio M\u00e9dico del Chopo Guadalajara\" width=\"618\" height=\"348\" src=\"https:\/\/www.youtube.com\/embed\/ycnUssLnTGs?feature=oembed\" frameborder=\"0\" allow=\"accelerometer; autoplay; clipboard-write; encrypted-media; gyroscope; picture-in-picture; web-share\" referrerpolicy=\"strict-origin-when-cross-origin\" allowfullscreen><\/iframe>\n<\/div><\/figure>\n\n\n\n<p class=\"wp-block-paragraph\">\u00abDesde United Imaging Healthcare es un placer poder compartir con todo el mundo igualdad de condiciones, igualdad de salud, que sean accesibles para la salud en diferentes pa\u00edses, y es un gran honor poder tener este equipo aqu\u00ed en Laboratorio M\u00e9dico del Chopo, en Guadalajara, para poder apoyar en los programas de salud local\u201d.<\/p>\n\n\n\n<figure class=\"wp-block-gallery has-nested-images columns-default is-cropped wp-block-gallery-9 is-layout-flex wp-block-gallery-is-layout-flex\">\n<figure class=\"wp-block-image size-large\"><img decoding=\"async\" data-id=\"75696\" src=\"https:\/\/lasalud.mx\/wp-content\/uploads\/2025\/11\/WhatsApp-Image-2025-11-04-at-14.30.47-1024x683.jpeg\" alt=\"\" class=\"wp-image-75696\"\/><\/figure>\n\n\n\n<figure class=\"wp-block-image size-large\"><img decoding=\"async\" data-id=\"75690\" src=\"https:\/\/lasalud.mx\/wp-content\/uploads\/2025\/11\/WhatsApp-Image-2025-11-04-at-14.30.50-1024x683.jpeg\" alt=\"\" class=\"wp-image-75690\"\/><\/figure>\n\n\n\n<figure class=\"wp-block-image size-large\"><img decoding=\"async\" data-id=\"75688\" src=\"https:\/\/lasalud.mx\/wp-content\/uploads\/2025\/11\/WhatsApp-Image-2025-11-04-at-14.30.51-1024x683.jpeg\" alt=\"\" class=\"wp-image-75688\"\/><\/figure>\n\n\n\n<figure class=\"wp-block-image size-large\"><img decoding=\"async\" data-id=\"75694\" src=\"https:\/\/lasalud.mx\/wp-content\/uploads\/2025\/11\/WhatsApp-Image-2025-11-04-at-14.30.48-1024x683.jpeg\" alt=\"\" class=\"wp-image-75694\"\/><\/figure>\n<\/figure>\n\n\n\n<p class=\"wp-block-paragraph\">El evento culmin\u00f3 con demostraciones de las capacidades del uMI 550, a cargo de un taller para especialistas que fue ofrecido por el Dr. <strong>Miguel \u00c1ngel Valenzuela y<\/strong> coordinado por el <strong>Dr. Sergio Barba.<\/strong><\/p>\n\n\n\n<figure class=\"wp-block-gallery has-nested-images columns-default is-cropped wp-block-gallery-10 is-layout-flex wp-block-gallery-is-layout-flex\">\n<figure class=\"wp-block-image size-large\"><img decoding=\"async\" data-id=\"75699\" src=\"https:\/\/lasalud.mx\/wp-content\/uploads\/2025\/11\/WhatsApp-Image-2025-11-04-at-14.30.46-1024x683.jpeg\" alt=\"\" class=\"wp-image-75699\"\/><\/figure>\n\n\n\n<figure class=\"wp-block-image size-large\"><img decoding=\"async\" data-id=\"75706\" src=\"https:\/\/lasalud.mx\/wp-content\/uploads\/2025\/11\/WhatsApp-Image-2025-11-04-at-14.30.43-1-1024x683.jpeg\" alt=\"\" class=\"wp-image-75706\"\/><\/figure>\n\n\n\n<figure class=\"wp-block-image size-large\"><img decoding=\"async\" data-id=\"75698\" src=\"https:\/\/lasalud.mx\/wp-content\/uploads\/2025\/11\/WhatsApp-Image-2025-11-04-at-14.30.46-1-1024x683.jpeg\" alt=\"\" class=\"wp-image-75698\"\/><\/figure>\n\n\n\n<figure class=\"wp-block-image size-large\"><img decoding=\"async\" data-id=\"75692\" src=\"https:\/\/lasalud.mx\/wp-content\/uploads\/2025\/11\/WhatsApp-Image-2025-11-04-at-14.30.49-1024x683.jpeg\" alt=\"\" class=\"wp-image-75692\"\/><\/figure>\n<\/figure>\n\n\n\n<p class=\"wp-block-paragraph\"><strong>Para Laboratorio M\u00e9dico del Chopo, esta instalaci\u00f3n refuerza su posici\u00f3n como l\u00edder en innovaci\u00f3n diagn\u00f3stica. Para United Imaging y EYMSA, consolida una alianza dedicada a democratizar la salud avanzada. Y, sobre todo, para los pacientes de Guadalajara y m\u00e1s all\u00e1, el uMI 550 ofrece una promesa: detecciones m\u00e1s tempranas, tratamientos precisos y un futuro donde la tecnolog\u00eda m\u00e9dica se alinee con la resiliencia humana.<\/strong><\/p>\n\n\n\n<blockquote class=\"wp-block-quote is-layout-flow wp-block-quote-is-layout-flow\">\n<p class=\"wp-block-paragraph\">\u00abLa renovaci\u00f3n de equipo en Guadalajara fortalece la red nacional del Laboratorio M\u00e9dico del Chopo, acercando el diagn\u00f3stico de alta especialidad al occidente del pa\u00eds y garantizando los est\u00e1ndares de calidad que distinguen a la instituci\u00f3n.<strong> \u00ab<\/strong><br><strong>M\u00f3nica Rinc\u00f3n<\/strong><\/p>\n<\/blockquote>\n\n\n\n<figure class=\"wp-block-image size-large\"><img decoding=\"async\" src=\"https:\/\/lasalud.mx\/wp-content\/uploads\/2025\/11\/WhatsApp-Image-2025-11-04-at-14.30.47-1-1024x683.jpeg\" alt=\"\" class=\"wp-image-75695\"\/><\/figure>\n\n\n\n<blockquote class=\"wp-block-quote is-layout-flow wp-block-quote-is-layout-flow\">\n<p class=\"wp-block-paragraph\">\u00abLos invitamos a conocer esta nueva unidad en Guadalajara en nuestra sucursal Am\u00e9ricas. Estamos listos para ofrecerles la mejor tecnolog\u00eda y el trato humano que distingue al Laboratorio M\u00e9dico del Chopo. Este logro es de todos: de nuestros equipos, de la comunidad m\u00e9dica y de cada paciente que conf\u00eda en nosotros.\u00bb <\/p>\n<cite><strong>Florencia Gallardo<\/strong><\/cite><\/blockquote>\n\n\n\n<figure class=\"wp-block-image size-large\"><img decoding=\"async\" src=\"https:\/\/lasalud.mx\/wp-content\/uploads\/2025\/11\/WhatsApp-Image-2025-11-04-at-14.30.52-1-1024x683.jpeg\" alt=\"\" class=\"wp-image-75686\"\/><\/figure>\n\n\n\n<blockquote class=\"wp-block-quote is-layout-flow wp-block-quote-is-layout-flow\">\n<p class=\"wp-block-paragraph\">\u00abEste logro es para ustedes. Queremos que cada jaliciense tenga acceso a lo mejor del diagn\u00f3stico por imagen, sin barreras y con calidad humana.\u00bb <\/p>\n<cite><strong>Sergio Barba<\/strong><\/cite><\/blockquote>\n\n\n\n<figure class=\"wp-block-image size-large\"><img decoding=\"async\" src=\"https:\/\/lasalud.mx\/wp-content\/uploads\/2025\/11\/WhatsApp-Image-2025-11-04-at-14.31.00-1024x683.jpeg\" alt=\"\" class=\"wp-image-75671\"\/><\/figure>\n\n\n\n<div class=\"wp-block-group\"><div class=\"wp-block-group__inner-container is-layout-constrained wp-block-group-is-layout-constrained\">\n<blockquote class=\"wp-block-quote is-layout-flow wp-block-quote-is-layout-flow\">\n<p class=\"wp-block-paragraph\">\u00abEn el Laboratorio M\u00e9dico del Chopo, la incorporaci\u00f3n de tecnolog\u00eda de precisi\u00f3n basada en inteligencia artificial permite realizar estudios con mayor rapidez, seguridad y menores dosis. Esto se traduce en una detecci\u00f3n m\u00e1s sensible y espec\u00edfica de enfermedades, beneficiando directamente al paciente.\u00bb <\/p>\n\n\n\n<p class=\"wp-block-paragraph\"><strong>Miguel \u00c1ngel Valenzuela<\/strong><\/p>\n<\/blockquote>\n<\/div><\/div>\n\n\n\n<figure class=\"wp-block-image size-large\"><img decoding=\"async\" src=\"https:\/\/lasalud.mx\/wp-content\/uploads\/2025\/11\/WhatsApp-Image-2025-11-04-at-14.31.00-1-1024x683.jpeg\" alt=\"\" class=\"wp-image-75670\"\/><\/figure>\n\n\n\n<blockquote class=\"wp-block-quote is-layout-flow wp-block-quote-is-layout-flow\">\n<p class=\"wp-block-paragraph\">Esta nota as\u00ed como reportajes, entrevistas exclusivas, videos, podcast y m\u00e1s los podr\u00e1s encontrar en nuestra pr\u00f3xima edici\u00f3n especial digital de <strong>Temas Selectos en Salud.<\/strong><\/p>\n\n\n\n<p class=\"wp-block-paragraph\"><strong>LaSalud.lat \/<\/strong> <a href=\"http:\/\/www.lasalud.mx\"><strong>LaSalud.mx<\/strong><\/a> La Revista de la Comunidad M\u00e9dica.<\/p>\n\n\n\n<p class=\"wp-block-paragraph\">Visita algunas de nuestras ediciones especiales en <a href=\"https:\/\/issuu.com\/grupo-mundodehoy\"><strong>https:\/\/issuu.com\/grupo-mundodehoy<\/strong><\/a><\/p>\n<\/blockquote>\n\n\n\n<p class=\"wp-block-paragraph\">D.E.<\/p>\n","protected":false},"excerpt":{"rendered":"<p>La incorporaci\u00f3n de esta tecnolog\u00eda en Laboratorio Chopo redefine el diagn\u00f3stico en el occidente del pa\u00eds, al permitir identificar lesiones milim\u00e9tricas con alta precisi\u00f3n y reducir tiempos de estudio Por: Carlos Henze \/ Fotograf\u00eda: Lourdes Hurtado LaSalud.mx\u00a0\/ LaSalud.lat, Guadalajara, M\u00e9xico, 11 de abril de 2026 .- En un paso significativo para la medicina diagn\u00f3stica en &hellip;<\/p>\n","protected":false},"author":2,"featured_media":50,"comment_status":"open","ping_status":"open","sticky":false,"template":"","format":"standard","meta":{"footnotes":""},"categories":[3],"tags":[90,51,92,91,56,93,52,94,95,96,97,64,21,98,99,100,83,101,102,103,104],"class_list":["post-49","post","type-post","status-publish","format-standard","has-post-thumbnail","","category-eventos","tag-anaclaudiaroccati","tag-carlosalbertomosqueiraperez","tag-cuauhtemocmonroy","tag-electronicaymedicina","tag-eymsa","tag-florenciagallardo","tag-grupodiagnosticoproa","tag-laboratoriomedicodelchopo","tag-laurarativafonseca","tag-miguelangelvalenzuelahernandez","tag-monicarinconcamargo","tag-pet-ct","tag-portada","tag-pricilaandradev","tag-rafaeljaller","tag-rafaeljallervanegas","tag-rafireyes","tag-sergioarmandobarba","tag-sergiobarbapineda","tag-simonhong","tag-unitedimaginghealthcare"],"_links":{"self":[{"href":"https:\/\/lasalud.lat\/index.php?rest_route=\/wp\/v2\/posts\/49","targetHints":{"allow":["GET"]}}],"collection":[{"href":"https:\/\/lasalud.lat\/index.php?rest_route=\/wp\/v2\/posts"}],"about":[{"href":"https:\/\/lasalud.lat\/index.php?rest_route=\/wp\/v2\/types\/post"}],"author":[{"embeddable":true,"href":"https:\/\/lasalud.lat\/index.php?rest_route=\/wp\/v2\/users\/2"}],"replies":[{"embeddable":true,"href":"https:\/\/lasalud.lat\/index.php?rest_route=%2Fwp%2Fv2%2Fcomments&post=49"}],"version-history":[{"count":1,"href":"https:\/\/lasalud.lat\/index.php?rest_route=\/wp\/v2\/posts\/49\/revisions"}],"predecessor-version":[{"id":56,"href":"https:\/\/lasalud.lat\/index.php?rest_route=\/wp\/v2\/posts\/49\/revisions\/56"}],"wp:featuredmedia":[{"embeddable":true,"href":"https:\/\/lasalud.lat\/index.php?rest_route=\/wp\/v2\/media\/50"}],"wp:attachment":[{"href":"https:\/\/lasalud.lat\/index.php?rest_route=%2Fwp%2Fv2%2Fmedia&parent=49"}],"wp:term":[{"taxonomy":"category","embeddable":true,"href":"https:\/\/lasalud.lat\/index.php?rest_route=%2Fwp%2Fv2%2Fcategories&post=49"},{"taxonomy":"post_tag","embeddable":true,"href":"https:\/\/lasalud.lat\/index.php?rest_route=%2Fwp%2Fv2%2Ftags&post=49"}],"curies":[{"name":"wp","href":"https:\/\/api.w.org\/{rel}","templated":true}]}}