{"id":470,"date":"2026-06-22T19:17:53","date_gmt":"2026-06-23T01:17:53","guid":{"rendered":"https:\/\/lasalud.lat\/?p=470"},"modified":"2026-06-22T19:17:54","modified_gmt":"2026-06-23T01:17:54","slug":"the-lancet-advierte-rezagos-ante-hantavirus","status":"publish","type":"post","link":"https:\/\/lasalud.lat\/?p=470","title":{"rendered":"The Lancet advierte rezagos ante hantavirus"},"content":{"rendered":"\n<p class=\"wp-block-paragraph\"><strong>Un nuevo comentario internacional se\u00f1ala que Am\u00e9rica Latina a\u00fan enfrenta debilidades estructurales para responder con rapidez a emergencias sanitarias<\/strong><\/p>\n\n\n\n<p class=\"wp-block-paragraph\"><em>Por: Redacci\u00f3n<\/em><\/p>\n\n\n\n<p class=\"wp-block-paragraph\"><strong><a href=\"https:\/\/lasalud.mx\" data-type=\"link\" data-id=\"lasalud.mx\">LaSalud.mx<\/a> \/ LaSalud.lat, Ciudad de M\u00e9xico, 22 de junio de 2026 .-<\/strong> Un nuevo comentario publicado en <strong>The Lancet<\/strong> encendi\u00f3 alertas sobre las persistentes debilidades de <strong>Am\u00e9rica Latina<\/strong> para responder de forma coordinada, r\u00e1pida y eficaz ante emergencias de salud p\u00fablica. El documento sostiene que el reciente evento relacionado con hantavirus evidenci\u00f3 brechas significativas en vigilancia epidemiol\u00f3gica, preparaci\u00f3n operativa y capacidad de respuesta regional.<\/p>\n\n\n\n<p class=\"wp-block-paragraph\">El an\u00e1lisis fue elaborado por el <strong>Grupo de Trabajo T\u00e9cnico Latinoamericano<\/strong>, integrado por exministros de Salud, epidemi\u00f3logos, especialistas en salud p\u00fablica, acad\u00e9micos y representantes de la sociedad civil, quienes advierten que la regi\u00f3n necesita con urgencia una plataforma propia de respuesta r\u00e1pida para prevenir, prepararse y actuar frente a amenazas infecciosas emergentes.<\/p>\n\n\n\n<h2 class=\"wp-block-heading\">Hantavirus como se\u00f1al de alerta regional<\/h2>\n\n\n\n<p class=\"wp-block-paragraph\">El comentario toma como punto de partida el evento reciente de hantavirus asociado al crucero <strong>MV Hondius<\/strong>. Aunque los autores aclaran que este episodio presenta caracter\u00edsticas epidemiol\u00f3gicas distintas a las observadas durante la pandemia de COVID-19 y no necesariamente implica un riesgo inmediato de escalamiento masivo, subrayan que s\u00ed representa una prueba cr\u00edtica para evaluar la capacidad regional de coordinaci\u00f3n frente a brotes emergentes.<\/p>\n\n\n\n<p class=\"wp-block-paragraph\">La principal preocupaci\u00f3n radica en que las amenazas infecciosas contin\u00faan evolucionando m\u00e1s r\u00e1pido que la capacidad institucional de respuesta.<\/p>\n\n\n\n<p class=\"wp-block-paragraph\"><strong>Patricia Garc\u00eda<\/strong>, exministra de Salud de Per\u00fa e integrante del Grupo de Trabajo T\u00e9cnico Latinoamericano, enfatiz\u00f3 que el caso deja una lecci\u00f3n clara para la regi\u00f3n.<\/p>\n\n\n\n<p class=\"wp-block-paragraph\">Seg\u00fan explic\u00f3, el hantavirus demuestra que las amenazas infecciosas no esperan a que los pa\u00edses alcancen niveles \u00f3ptimos de preparaci\u00f3n. En este contexto, destac\u00f3 que <strong>Am\u00e9rica Latina necesita mecanismos regionales capaces de facilitar respuestas r\u00e1pidas, coordinar capacidades t\u00e9cnicas y transformar evidencia cient\u00edfica en acciones oportunas<\/strong>.<\/p>\n\n\n\n<h2 class=\"wp-block-heading\">Persisten vulnerabilidades estructurales<\/h2>\n\n\n\n<p class=\"wp-block-paragraph\">El grupo t\u00e9cnico advirti\u00f3 que <strong>Am\u00e9rica Latina contin\u00faa subestimada dentro de las agendas globales de seguridad sanitaria<\/strong>, pese a su elevada exposici\u00f3n a amenazas zoon\u00f3ticas, arbovirales y enfermedades reemergentes.<\/p>\n\n\n\n<p class=\"wp-block-paragraph\">Entre los factores que incrementan esta vulnerabilidad se encuentran la movilidad transfronteriza, las alteraciones ambientales, el cambio clim\u00e1tico y la fragmentaci\u00f3n institucional.<\/p>\n\n\n\n<p class=\"wp-block-paragraph\">Durante la \u00faltima d\u00e9cada, la regi\u00f3n ha enfrentado la aparici\u00f3n o reaparici\u00f3n de enfermedades como <strong>Zika, chikungunya, fiebre amarilla, sarampi\u00f3n, dengue y hantavirus<\/strong>, lo que refuerza la necesidad de una estructura regional m\u00e1s s\u00f3lida.<\/p>\n\n\n\n<p class=\"wp-block-paragraph\">Los especialistas se\u00f1alaron que depender \u00fanicamente de respuestas nacionales fragmentadas o de marcos globales que no siempre se traducen en acciones efectivas a nivel local ha limitado la capacidad de reacci\u00f3n.<\/p>\n\n\n\n<h3 class=\"wp-block-heading\"><a href=\"https:\/\/whatsapp.com\/channel\/0029VaBL9vs7YSd02T2Y8h3t\">\u00daNETE A NUESTRO CANAL DE WHATSAPP. LASALUD.MX LA REVISTA DE LA COMUNIDAD M\u00c9DICA. \u00a1PORQUE LA SALUD ES PRIMERO!<\/a><\/h3>\n\n\n\n<h2 class=\"wp-block-heading\">Proponen una plataforma regional de acci\u00f3n r\u00e1pida<\/h2>\n\n\n\n<p class=\"wp-block-paragraph\">El mensaje central del comentario es contundente: <strong>Am\u00e9rica Latina necesita desarrollar una plataforma regional propia<\/strong> para fortalecer vigilancia epidemiol\u00f3gica, preparaci\u00f3n sanitaria, respuesta transfronteriza, redes de laboratorio y producci\u00f3n regional de insumos esenciales para la salud.<\/p>\n\n\n\n<p class=\"wp-block-paragraph\">El <strong>Dr.<\/strong> <strong>Ariel Terr\u00f3n<\/strong>, director del <strong>Instituto Mundial de Salud P\u00fablica de la AHF para Am\u00e9rica Latina y el Caribe<\/strong> y miembro del Grupo de Trabajo T\u00e9cnico Latinoamericano, destac\u00f3 que la regi\u00f3n conoce tanto sus debilidades como sus capacidades.<\/p>\n\n\n\n<p class=\"wp-block-paragraph\">Explic\u00f3 que el reto actual consiste en avanzar de esquemas de coordinaci\u00f3n declarativa hacia una plataforma regional con funciones claras, legitimidad pol\u00edtica y capacidad operativa real.<\/p>\n\n\n\n<p class=\"wp-block-paragraph\">Asimismo, subray\u00f3 que la preparaci\u00f3n frente a emergencias sanitarias debe construirse antes de que estallen las crisis y no durante ellas.<\/p>\n\n\n\n<p class=\"wp-block-paragraph\">Los autores aclaran que esta nueva plataforma no buscar\u00eda sustituir el papel de la <strong>Organizaci\u00f3n Panamericana de la Salud (OPS)<\/strong>, sino complementarlo con capacidades centradas en implementaci\u00f3n operativa, coordinaci\u00f3n transfronteriza y respuestas adaptadas a las realidades epidemiol\u00f3gicas, pol\u00edticas e institucionales de la regi\u00f3n.<\/p>\n\n\n\n<p class=\"wp-block-paragraph\">El comentario concluye que, sin una arquitectura sanitaria regional m\u00e1s robusta, <strong>Am\u00e9rica Latina corre el riesgo de repetir un ciclo ya conocido: respuestas urgentes durante las crisis seguidas de periodos prolongados de desinversi\u00f3n en prevenci\u00f3n, preparaci\u00f3n y capacidad estructural de respuesta<\/strong>.<\/p>\n\n\n\n<p class=\"wp-block-paragraph\"><strong>El an\u00e1lisis publicado en The Lancet refuerza que fortalecer la cooperaci\u00f3n regional en salud p\u00fablica ya no es una opci\u00f3n estrat\u00e9gica, sino una necesidad urgente para enfrentar amenazas infecciosas cada vez m\u00e1s complejas y din\u00e1micas.<\/strong><\/p>\n\n\n\n<h3 class=\"wp-block-heading\"><a href=\"https:\/\/www.thelancet.com\/journals\/lancet\/article\/PIIS0140-6736%2826%2901188-8\/abstract?rss=yes\" data-type=\"link\" data-id=\"https:\/\/www.thelancet.com\/journals\/lancet\/article\/PIIS0140-6736%2826%2901188-8\/abstract?rss=yes\">Lee el comentario completo publicado en The Lancet aqu\u00ed.<\/a><\/h3>\n\n\n\n<blockquote class=\"wp-block-quote is-layout-flow wp-block-quote-is-layout-flow\">\n<p class=\"wp-block-paragraph\">Esta nota, as\u00ed como reportajes, entrevistas exclusivas, videos, podcast y m\u00e1s, los podr\u00e1s encontrar en nuestra pr\u00f3xima edici\u00f3n especial digital de <strong>Temas Selectos en Salud.<\/strong><\/p>\n\n\n\n<p class=\"wp-block-paragraph\"><a href=\"http:\/\/www.lasalud.mx\"><strong>LaSalud.mx<\/strong><\/a> <strong>\/ LaSalud.lat <\/strong>La Revista de la Comunidad M\u00e9dica.<\/p>\n\n\n\n<p class=\"wp-block-paragraph\">Visita algunas de nuestras ediciones especiales en <a href=\"https:\/\/issuu.com\/grupo-mundodehoy\"><strong>https:\/\/issuu.com\/grupo-mundodehoy<\/strong><\/a><strong><\/strong><\/p>\n<\/blockquote>\n\n\n\n<p class=\"wp-block-paragraph\">D.E.<\/p>\n","protected":false},"excerpt":{"rendered":"<p>Un nuevo comentario internacional se\u00f1ala que Am\u00e9rica Latina a\u00fan enfrenta debilidades estructurales para responder con rapidez a emergencias sanitarias Por: Redacci\u00f3n LaSalud.mx \/ LaSalud.lat, Ciudad de M\u00e9xico, 22 de junio de 2026 .- Un nuevo comentario publicado en The Lancet encendi\u00f3 alertas sobre las persistentes debilidades de Am\u00e9rica Latina para responder de forma coordinada, r\u00e1pida &hellip;<\/p>\n","protected":false},"author":2,"featured_media":472,"comment_status":"open","ping_status":"open","sticky":false,"template":"","format":"standard","meta":{"footnotes":""},"categories":[12,432,266,426],"tags":[873,23,872,870,869,871,864,731,874,867,865,286,285,866,21,287,863,868],"class_list":["post-470","post","type-post","status-publish","format-standard","has-post-thumbnail","","category-infectologia","category-mexico","category-noticias","category-paises","tag-ahf","tag-americalatina","tag-arielterron","tag-chikungunya","tag-dengue","tag-fiebreamarilla","tag-grupodetrabajotecnicolatinoamericano","tag-hantavirus","tag-institutomundialdelasaludpublica","tag-latinoamerica","tag-mvhondius","tag-ops","tag-organizacionpanamericanadelasalud","tag-patriciagarcia","tag-portada","tag-sarampion","tag-thelancet","tag-zika"],"_links":{"self":[{"href":"https:\/\/lasalud.lat\/index.php?rest_route=\/wp\/v2\/posts\/470","targetHints":{"allow":["GET"]}}],"collection":[{"href":"https:\/\/lasalud.lat\/index.php?rest_route=\/wp\/v2\/posts"}],"about":[{"href":"https:\/\/lasalud.lat\/index.php?rest_route=\/wp\/v2\/types\/post"}],"author":[{"embeddable":true,"href":"https:\/\/lasalud.lat\/index.php?rest_route=\/wp\/v2\/users\/2"}],"replies":[{"embeddable":true,"href":"https:\/\/lasalud.lat\/index.php?rest_route=%2Fwp%2Fv2%2Fcomments&post=470"}],"version-history":[{"count":2,"href":"https:\/\/lasalud.lat\/index.php?rest_route=\/wp\/v2\/posts\/470\/revisions"}],"predecessor-version":[{"id":473,"href":"https:\/\/lasalud.lat\/index.php?rest_route=\/wp\/v2\/posts\/470\/revisions\/473"}],"wp:featuredmedia":[{"embeddable":true,"href":"https:\/\/lasalud.lat\/index.php?rest_route=\/wp\/v2\/media\/472"}],"wp:attachment":[{"href":"https:\/\/lasalud.lat\/index.php?rest_route=%2Fwp%2Fv2%2Fmedia&parent=470"}],"wp:term":[{"taxonomy":"category","embeddable":true,"href":"https:\/\/lasalud.lat\/index.php?rest_route=%2Fwp%2Fv2%2Fcategories&post=470"},{"taxonomy":"post_tag","embeddable":true,"href":"https:\/\/lasalud.lat\/index.php?rest_route=%2Fwp%2Fv2%2Ftags&post=470"}],"curies":[{"name":"wp","href":"https:\/\/api.w.org\/{rel}","templated":true}]}}