{"id":445,"date":"2026-05-25T21:44:09","date_gmt":"2026-05-26T03:44:09","guid":{"rendered":"https:\/\/lasalud.lat\/?p=445"},"modified":"2026-05-25T22:25:25","modified_gmt":"2026-05-26T04:25:25","slug":"la-3era-feria-del-libro-feminista-presento-duelo-por-imagen-corporal","status":"publish","type":"post","link":"https:\/\/lasalud.lat\/?p=445","title":{"rendered":"La 3era Feria del Libro Feminista present\u00f3 \u201cDuelo por imagen corporal\u201d"},"content":{"rendered":"\n<p class=\"wp-block-paragraph\"><strong>Ana Mar\u00eda Gallardo llev\u00f3 al congreso una reflexi\u00f3n sobre salud mental, autoestima y diversidad corporal<\/strong><\/p>\n\n\n\n<p class=\"wp-block-paragraph\"><em>Por: Redacci\u00f3n<\/em><\/p>\n\n\n\n<p class=\"wp-block-paragraph\"><a href=\"http:\/\/lasalud.mx\"><strong>LaSalud.mx<\/strong><\/a><strong> \/ <\/strong><a href=\"http:\/\/oncologia.mx\"><strong>Oncologia.mx<\/strong><\/a><strong> \/ <\/strong><a href=\"http:\/\/ellas.mx\"><strong>Ellas.mx<\/strong><\/a><strong> \/ LaSalud.lat, Ciudad de M\u00e9xico,\u00a025 de mayo de 2026 .-<\/strong> En el marco de la 3era Feria del Libro Feminista en Centro Cultural de la Moneda en Santiago de Chile, se llev\u00f3 a cabo la presentaci\u00f3n del libro <em>Duelo por imagen corporal: Una ruta hacia la aceptaci\u00f3n corporal<\/em>, obra de la psic\u00f3loga cl\u00ednica chilena <strong>Ana Mar\u00eda Gallardo Zanetta<\/strong>, una publicaci\u00f3n que pone sobre la mesa la conversaci\u00f3n sobre <strong>salud mental, aceptaci\u00f3n corporal, violencia est\u00e9tica y los efectos de los est\u00e1ndares de belleza en la vida de las mujeres<\/strong>.<\/p>\n\n\n\n<p class=\"wp-block-paragraph\">La autora, psic\u00f3loga cl\u00ednica, mag\u00edster en psicoterapia, mag\u00edster en psicolog\u00eda cl\u00ednica y doctora en psicoterapia por la<strong> Pontificia Universidad Cat\u00f3lica de Chile<\/strong>, tambi\u00e9n es docente de la <strong>Universidad Gabriela Mistral<\/strong>, investigadora en sesgo de peso y activista por la diversidad corporal. Su trayectoria profesional se ha enfocado en el estudio de la relaci\u00f3n entre imagen corporal y salud mental, as\u00ed como en la visibilizaci\u00f3n de la discriminaci\u00f3n asociada a los cuerpos no hegem\u00f3nicos.<\/p>\n\n\n<div class=\"wp-block-image\">\n<figure class=\"aligncenter size-full\"><img loading=\"lazy\" decoding=\"async\" width=\"554\" height=\"850\" src=\"https:\/\/lasalud.lat\/wp-content\/uploads\/2026\/05\/WhatsApp-Image-2026-05-25-at-20.08.36.jpeg\" alt=\"\" class=\"wp-image-448\" srcset=\"https:\/\/lasalud.lat\/wp-content\/uploads\/2026\/05\/WhatsApp-Image-2026-05-25-at-20.08.36.jpeg 554w, https:\/\/lasalud.lat\/wp-content\/uploads\/2026\/05\/WhatsApp-Image-2026-05-25-at-20.08.36-196x300.jpeg 196w\" sizes=\"auto, (max-width: 554px) 100vw, 554px\" \/><\/figure>\n<\/div>\n\n\n<p class=\"wp-block-paragraph\">Publicada por <strong>RIL Editores<\/strong>, la obra aborda temas como la<strong> cultura de la dieta, la gordofobia, la violencia simb\u00f3lica, la presi\u00f3n est\u00e9tica y el impacto de los medios de comunicaci\u00f3n y redes sociales en la construcci\u00f3n de la autoestima y la percepci\u00f3n corporal.<\/strong><\/p>\n\n\n\n<p class=\"wp-block-paragraph\">Durante el desarrollo del libro, Gallardo plantea el concepto de \u201cduelo por imagen corporal\u201d, entendido como el proceso emocional que enfrentan las personas al confrontar la distancia entre su <strong>cuerpo real y los ideales de belleza socialmente impuestos<\/strong>. Desde una mirada interseccional, la autora analiza c\u00f3mo factores como g\u00e9nero, edad, talla corporal, orientaci\u00f3n sexoafectiva y origen \u00e9tnico pueden influir en experiencias de discriminaci\u00f3n, exclusi\u00f3n y malestar emocional.<\/p>\n\n\n\n<p class=\"wp-block-paragraph\">En el pr\u00f3logo de la publicaci\u00f3n, Ana Mar\u00eda Gallardo comparte parte de su experiencia personal y reflexiona sobre el impacto de la violencia est\u00e9tica en la vida cotidiana de las mujeres. <strong>\u201cLa violencia est\u00e9tica que rodea a las mujeres es tan potente que desde peque\u00f1as nos hace pensar que nuestro valor como personas pasa por el hecho de ser atractivas a los ojos de los dem\u00e1s\u201d<\/strong>, se\u00f1ala la autora.<\/p>\n\n\n<div class=\"wp-block-image\">\n<figure class=\"aligncenter size-full\"><img loading=\"lazy\" decoding=\"async\" width=\"631\" height=\"794\" src=\"https:\/\/lasalud.lat\/wp-content\/uploads\/2026\/05\/gallardo.jpg\" alt=\"\" class=\"wp-image-452\" srcset=\"https:\/\/lasalud.lat\/wp-content\/uploads\/2026\/05\/gallardo.jpg 631w, https:\/\/lasalud.lat\/wp-content\/uploads\/2026\/05\/gallardo-238x300.jpg 238w\" sizes=\"auto, (max-width: 631px) 100vw, 631px\" \/><\/figure>\n<\/div>\n\n\n<h3 class=\"wp-block-heading\"><a href=\"https:\/\/whatsapp.com\/channel\/0029VaBL9vs7YSd02T2Y8h3t\"><strong>\u00daNETE A NUESTRO CANAL DE WHATSAPP. LASALUD.MX LA REVISTA DE LA COMUNIDAD M\u00c9DICA. PORQU\u00c9 LA SALUD ES PRIMERO<\/strong><\/a><\/h3>\n\n\n\n<p class=\"wp-block-paragraph\">La obra tambi\u00e9n incorpora ejercicios pr\u00e1cticos enfocados en fortalecer la aceptaci\u00f3n corporal, desarrollar pensamiento cr\u00edtico frente a los est\u00e1ndares de belleza y generar herramientas emocionales para afrontar el duelo por imagen corporal.<\/p>\n\n\n\n<p class=\"wp-block-paragraph\">La presentaci\u00f3n de este libro dentro de la 3era Feria del Libro Feminista abri\u00f3 un espacio de reflexi\u00f3n multidisciplinaria sobre <strong>salud mental, autoestima, g\u00e9nero y diversidad corporal<\/strong>, temas que han cobrado relevancia creciente dentro de los foros internacionales enfocados en salud integral de las mujeres.<\/p>\n\n\n\n<p class=\"wp-block-paragraph\">El libro incluye cap\u00edtulos relacionados con imagen corporal, discriminaci\u00f3n por talla, envejecimiento, diversidad sexoafectiva, salud como mandato de belleza y representaci\u00f3n corporal en medios y redes sociales. La obra se puede adquirir en el portal de <a href=\"https:\/\/rileditores.com\/producto\/duelo-por-imagen-corporal-una-ruta-hacia-la-aceptacion-del-cuerpo\/\" data-type=\"link\" data-id=\"https:\/\/rileditores.com\/producto\/duelo-por-imagen-corporal-una-ruta-hacia-la-aceptacion-del-cuerpo\/\">RIL Editores<\/a> y en <a href=\"https:\/\/www.mercadolibre.com.mx\/duelo-por-imagen-corporal-una-ruta-hacia-la-aceptacion\/up\/MLMU3336626991\" data-type=\"link\" data-id=\"https:\/\/www.mercadolibre.com.mx\/duelo-por-imagen-corporal-una-ruta-hacia-la-aceptacion\/up\/MLMU3336626991\">Mercado Libre<\/a>,<\/p>\n\n\n\n<p class=\"wp-block-paragraph\">Con esta publicaci\u00f3n, Ana Mar\u00eda Gallardo propone comprender que<strong> los conflictos relacionados con la imagen corporal no corresponden \u00fanicamente a experiencias individuales, sino a fen\u00f3menos sociales y culturales que impactan directamente en la salud emocional y calidad de vida de millones de personas.<\/strong><\/p>\n\n\n\n<blockquote class=\"wp-block-quote is-layout-flow wp-block-quote-is-layout-flow\">\n<p class=\"wp-block-paragraph\">Esta nota as\u00ed, como reportajes, entrevistas exclusivas, videos, podcast y m\u00e1s, los podr\u00e1s encontrar en nuestra pr\u00f3xima edici\u00f3n especial digital de <strong>Temas Selectos en Salud<\/strong>.<\/p>\n\n\n\n<p class=\"wp-block-paragraph\"><a href=\"http:\/\/lasalud.mx\"><strong>LaSalud.mx<\/strong><\/a><strong> \/ LaSalud.lat<\/strong><strong>&nbsp; <\/strong>La Revista de la Comunidad M\u00e9dica Latinoamericana.<\/p>\n\n\n\n<p class=\"wp-block-paragraph\">Visita algunas de nuestras ediciones especiales en <a href=\"https:\/\/issuu.com\/grupo-mundodehoy\"><strong>https:\/\/issuu.com\/grupo-mundodehoy<\/strong><\/a><strong>&nbsp;<\/strong><\/p>\n<\/blockquote>\n\n\n\n<p class=\"wp-block-paragraph\">D.E.<\/p>\n","protected":false},"excerpt":{"rendered":"<p>Ana Mar\u00eda Gallardo llev\u00f3 al congreso una reflexi\u00f3n sobre salud mental, autoestima y diversidad corporal Por: Redacci\u00f3n LaSalud.mx \/ Oncologia.mx \/ Ellas.mx \/ LaSalud.lat, Ciudad de M\u00e9xico,\u00a025 de mayo de 2026 .- En el marco de la 3era Feria del Libro Feminista en Centro Cultural de la Moneda en Santiago de Chile, se llev\u00f3 a &hellip;<\/p>\n","protected":false},"author":2,"featured_media":446,"comment_status":"open","ping_status":"open","sticky":false,"template":"","format":"standard","meta":{"footnotes":""},"categories":[428,3,6,266,426,5],"tags":[735,742,741,736,734,740,737,21,739,738],"class_list":["post-445","post","type-post","status-publish","format-standard","has-post-thumbnail","","category-chile","category-eventos","category-historias","category-noticias","category-paises","category-voces","tag-anamariagallardozanetta","tag-autoestima","tag-dieta","tag-dueloporimagencorporal","tag-feriadellibrofeminista","tag-gordofobia","tag-pontificiauniversidaddechile","tag-portada","tag-rileditores","tag-universidadgabrielamistral"],"_links":{"self":[{"href":"https:\/\/lasalud.lat\/index.php?rest_route=\/wp\/v2\/posts\/445","targetHints":{"allow":["GET"]}}],"collection":[{"href":"https:\/\/lasalud.lat\/index.php?rest_route=\/wp\/v2\/posts"}],"about":[{"href":"https:\/\/lasalud.lat\/index.php?rest_route=\/wp\/v2\/types\/post"}],"author":[{"embeddable":true,"href":"https:\/\/lasalud.lat\/index.php?rest_route=\/wp\/v2\/users\/2"}],"replies":[{"embeddable":true,"href":"https:\/\/lasalud.lat\/index.php?rest_route=%2Fwp%2Fv2%2Fcomments&post=445"}],"version-history":[{"count":5,"href":"https:\/\/lasalud.lat\/index.php?rest_route=\/wp\/v2\/posts\/445\/revisions"}],"predecessor-version":[{"id":457,"href":"https:\/\/lasalud.lat\/index.php?rest_route=\/wp\/v2\/posts\/445\/revisions\/457"}],"wp:featuredmedia":[{"embeddable":true,"href":"https:\/\/lasalud.lat\/index.php?rest_route=\/wp\/v2\/media\/446"}],"wp:attachment":[{"href":"https:\/\/lasalud.lat\/index.php?rest_route=%2Fwp%2Fv2%2Fmedia&parent=445"}],"wp:term":[{"taxonomy":"category","embeddable":true,"href":"https:\/\/lasalud.lat\/index.php?rest_route=%2Fwp%2Fv2%2Fcategories&post=445"},{"taxonomy":"post_tag","embeddable":true,"href":"https:\/\/lasalud.lat\/index.php?rest_route=%2Fwp%2Fv2%2Ftags&post=445"}],"curies":[{"name":"wp","href":"https:\/\/api.w.org\/{rel}","templated":true}]}}