{"id":43,"date":"2026-04-11T23:24:37","date_gmt":"2026-04-11T23:24:37","guid":{"rendered":"https:\/\/lasalud.lat\/?p=43"},"modified":"2026-04-11T23:24:38","modified_gmt":"2026-04-11T23:24:38","slug":"radiologia-de-urgencia-en-mexico-guadalajara-consolida-un-modelo-de-alta-especializacion","status":"publish","type":"post","link":"https:\/\/lasalud.lat\/?p=43","title":{"rendered":"Radiolog\u00eda de urgencia en M\u00e9xico: Guadalajara consolida un modelo de alta especializaci\u00f3n"},"content":{"rendered":"\n<p class=\"wp-block-paragraph\"><strong>El XII Curso Internacional de Imagen Seccional reuni\u00f3 a m\u00e1s de 1,500 especialistas en torno a los avances diagn\u00f3sticos en escenarios cr\u00edticos<\/strong><\/p>\n\n\n\n<p class=\"wp-block-paragraph\"><em>Por: Carlos Henze \/ Fotograf\u00eda: Lourdes Hurtado<\/em><\/p>\n\n\n\n<p class=\"wp-block-paragraph\"><strong><a href=\"http:\/\/lasalud.mx\" data-type=\"link\" data-id=\"lasalud.mx\">LaSalud.mx<\/a><\/strong> <strong>\/ <a href=\"http:\/\/oncologia.mx\" data-type=\"link\" data-id=\"oncologia.mx\">Oncologia.mx<\/a> \/ <a href=\"http:\/\/hematologia.mx\" data-type=\"link\" data-id=\"hematologia.mx\">Hematologia.mx<\/a><\/strong> <strong>\/ LaSalud.lat, Guadalajara, Jalisco, 11 de abril de 2026 .-<\/strong> Del 15 al 18 de octubre de 2025, el Hotel Hard Rock de Guadalajara, Jalisco, fue el epicentro del <strong>XII Curso Internacional de Imagen Seccional en Radiolog\u00eda de Urgencia<\/strong>, organizado por la <strong>Federaci\u00f3n Mexicana de Radiolog\u00eda e Imagen (FMRI)<\/strong> liderada por su Presidente, <strong>Dr. Hern\u00e1n Gordillo Rosiles y el Colegio de Radiolog\u00eda e Imagen de Jalisco<\/strong>, encabezado por la <strong>Dra. Sandra Ivonne Zaragoza Sol\u00eds<\/strong>, Presidenta y contando con el aval del <strong>Consejo Mexicano de Radiolog\u00eda e Imagen<\/strong> y su presidente el <strong>Dr. Mario Alberto Campos Coy.<\/strong><\/p>\n\n\n\n<figure class=\"wp-block-embed is-type-video is-provider-youtube wp-block-embed-youtube wp-embed-aspect-16-9 wp-has-aspect-ratio\"><div class=\"wp-block-embed__wrapper\">\n<iframe loading=\"lazy\" title=\"Hern\u00e1n Gordillo Rosiles, Presidente de la FMRI\" width=\"618\" height=\"348\" src=\"https:\/\/www.youtube.com\/embed\/Ic2zL2eztPo?feature=oembed\" frameborder=\"0\" allow=\"accelerometer; autoplay; clipboard-write; encrypted-media; gyroscope; picture-in-picture; web-share\" referrerpolicy=\"strict-origin-when-cross-origin\" allowfullscreen><\/iframe>\n<\/div><figcaption class=\"wp-element-caption\"><strong>Dr. Hern\u00e1n Gordillo Rosiles<\/strong>, presidente de la Federaci\u00f3n Mexicana de Radiolog\u00eda e Imagen (FMRI)<\/figcaption><\/figure>\n\n\n\n<figure class=\"wp-block-gallery has-nested-images columns-default is-cropped wp-block-gallery-1 is-layout-flex wp-block-gallery-is-layout-flex\">\n<figure class=\"wp-block-image size-large\"><img decoding=\"async\" data-id=\"75526\" src=\"https:\/\/lasalud.mx\/wp-content\/uploads\/2025\/10\/WhatsApp-Image-2025-10-28-at-18.00.13-1024x683.jpeg\" alt=\"\" class=\"wp-image-75526\"\/><\/figure>\n\n\n\n<figure class=\"wp-block-image size-full\"><img decoding=\"async\" data-id=\"75523\" src=\"https:\/\/lasalud.mx\/wp-content\/uploads\/2025\/10\/WhatsApp-Image-2025-10-29-at-09.36.36-2.jpeg\" alt=\"\" class=\"wp-image-75523\"\/><\/figure>\n\n\n\n<figure class=\"wp-block-image size-large\"><img decoding=\"async\" data-id=\"75532\" src=\"https:\/\/lasalud.mx\/wp-content\/uploads\/2025\/10\/WhatsApp-Image-2025-10-28-at-17.59.35-2-1024x683.jpeg\" alt=\"\" class=\"wp-image-75532\"\/><\/figure>\n\n\n\n<figure class=\"wp-block-image size-large\"><img decoding=\"async\" data-id=\"75539\" src=\"https:\/\/lasalud.mx\/wp-content\/uploads\/2025\/10\/Mundo-Portada-1024x683.jpeg\" alt=\"\" class=\"wp-image-75539\"\/><\/figure>\n<\/figure>\n\n\n\n<p class=\"wp-block-paragraph\">Este evento, que otorg\u00f3 <strong>45 puntos CMRI y reuni\u00f3 a m\u00e1s de 1,500 asistentes<\/strong>, destac\u00f3 por su programa acad\u00e9mico y la presentaci\u00f3n de innovaciones como la conferencia \u201cLa Nueva Era de la Resonancia Magn\u00e9tica \u2013 5T y herramientas de IA propiciando estudios de todas las anatom\u00edas en Ultra Alto Campo\u201d, impartida por el <strong>Lic. Rafi Reyes<\/strong>, especialista en Radioimagenolog\u00eda.<\/p>\n\n\n\n<figure class=\"wp-block-embed is-type-video is-provider-youtube wp-block-embed-youtube wp-embed-aspect-16-9 wp-has-aspect-ratio\"><div class=\"wp-block-embed__wrapper\">\n<iframe loading=\"lazy\" title=\"Rafi Reyes y Resonancia Magn\u00e9tica en United Imaging\" width=\"618\" height=\"348\" src=\"https:\/\/www.youtube.com\/embed\/vX9EvcUHGqU?feature=oembed\" frameborder=\"0\" allow=\"accelerometer; autoplay; clipboard-write; encrypted-media; gyroscope; picture-in-picture; web-share\" referrerpolicy=\"strict-origin-when-cross-origin\" allowfullscreen><\/iframe>\n<\/div><figcaption class=\"wp-element-caption\"><strong>Lic. Rafi Reyes<\/strong>, especialista en Radioimagenolog\u00eda.<\/figcaption><\/figure>\n\n\n\n<h2 class=\"wp-block-heading\"><strong>Un Programa de Alto Calibre<\/strong><\/h2>\n\n\n\n<p class=\"wp-block-paragraph\">El curso abarc\u00f3 m\u00f3dulos clave como Mama, Neurorradiolog\u00eda, Pediatr\u00eda, Musculoesquel\u00e9tico, Abdomen y P\u00e9lvis, Inteligencia Artificial, Bio\u00e9tica, Cardioimagen y T\u00f3rax. Entre los muchos temas sobresalientes, mencionaremos:<\/p>\n\n\n\n<ul class=\"wp-block-list\">\n<li>Mi\u00e9rcoles 15: Sesiones sobre mamograf\u00eda contrastada y resonancia magn\u00e9tica de mama, lideradas por la <strong>Dra. Karla Mar\u00eda N\u00fa\u00f1ez Barrag\u00e1n<\/strong>, junto con Neurorradiolog\u00eda a cargo del <strong>Dr. Juan Alejandro Regalado Chico<\/strong>.<\/li>\n\n\n\n<li>Jueves 16: En Pediatr\u00eda, la <strong>Dra. A\u00edda P\u00e9rez Lara<\/strong> abord\u00f3 urgencias respiratorias, mientras que el <strong>Dr. Jos\u00e9 Francisco D\u00edaz Fern\u00e1ndez<\/strong> explor\u00f3 lesiones musculares en Musculoesquel\u00e9tico.<\/li>\n\n\n\n<li>Viernes 17: El m\u00f3dulo de Abdomen y P\u00e9lvis, coordinado por el <strong>Dr. Oscar Armando Ch\u00e1vez Barba<\/strong>, incluy\u00f3 emergencias genitourinarias, y la IA, liderada por el <strong>Dr. Eduardo Hern\u00e1ndez Rangel<\/strong>, destac\u00f3 con radi\u00f3mica y GPT.<\/li>\n\n\n\n<li>S\u00e1bado 18: El <strong>Dr. Sergio Andr\u00e9s Criales Vera<\/strong> cerr\u00f3 con temas de t\u00f3rax como bronquiectasias y trauma tor\u00e1cico.<\/li>\n<\/ul>\n\n\n\n<figure class=\"wp-block-gallery has-nested-images columns-default is-cropped wp-block-gallery-2 is-layout-flex wp-block-gallery-is-layout-flex\">\n<figure class=\"wp-block-image size-large\"><img decoding=\"async\" data-id=\"75527\" src=\"https:\/\/lasalud.mx\/wp-content\/uploads\/2025\/10\/WhatsApp-Image-2025-10-28-at-17.59.37-2-1024x683.jpeg\" alt=\"\" class=\"wp-image-75527\"\/><\/figure>\n\n\n\n<figure class=\"wp-block-image size-large\"><img decoding=\"async\" data-id=\"75528\" src=\"https:\/\/lasalud.mx\/wp-content\/uploads\/2025\/10\/WhatsApp-Image-2025-10-28-at-17.59.37-1-1024x683.jpeg\" alt=\"\" class=\"wp-image-75528\"\/><\/figure>\n\n\n\n<figure class=\"wp-block-image size-large\"><img decoding=\"async\" data-id=\"75535\" src=\"https:\/\/lasalud.mx\/wp-content\/uploads\/2025\/10\/WhatsApp-Image-2025-10-28-at-17.59.34-1-1024x683.jpeg\" alt=\"\" class=\"wp-image-75535\"\/><\/figure>\n\n\n\n<figure class=\"wp-block-image size-large\"><img decoding=\"async\" data-id=\"75533\" src=\"https:\/\/lasalud.mx\/wp-content\/uploads\/2025\/10\/WhatsApp-Image-2025-10-28-at-17.59.35-1-1024x683.jpeg\" alt=\"\" class=\"wp-image-75533\"\/><\/figure>\n\n\n\n<figure class=\"wp-block-image size-large\"><img decoding=\"async\" data-id=\"75538\" src=\"https:\/\/lasalud.mx\/wp-content\/uploads\/2025\/10\/WhatsApp-Image-2025-10-28-at-17.59.32-1-1024x683.jpeg\" alt=\"\" class=\"wp-image-75538\"\/><\/figure>\n<\/figure>\n\n\n\n<h2 class=\"wp-block-heading\"><strong>Innovaci\u00f3n Estelar: Resonancia 5T e IA<\/strong><\/h2>\n\n\n\n<p class=\"wp-block-paragraph\">La conferencia del Lic. Rafi Reyes sobre resonancia magn\u00e9tica de 5 Tesla y herramientas de IA en Ultra Alto Campo cont\u00f3 con amplia aceptaci\u00f3n. Con gran convocatoria, esta sesi\u00f3n explor\u00f3 c\u00f3mo esta tecnolog\u00eda optimiza estudios cl\u00ednicos de todas las anatom\u00edas, marcando un avance revolucionario en el diagn\u00f3stico por imagen. La comunidad radiol\u00f3gica celebr\u00f3 su enfoque innovador y su potencial transformador.<\/p>\n\n\n\n<figure class=\"wp-block-gallery aligncenter has-nested-images columns-default is-cropped wp-block-gallery-3 is-layout-flex wp-block-gallery-is-layout-flex\">\n<figure class=\"wp-block-image size-large\"><img decoding=\"async\" data-id=\"75524\" src=\"https:\/\/lasalud.mx\/wp-content\/uploads\/2025\/10\/Hemato-Portada.jpeg\" alt=\"\" class=\"wp-image-75524\"\/><\/figure>\n\n\n\n<figure class=\"wp-block-image size-large\"><img decoding=\"async\" data-id=\"75525\" src=\"https:\/\/lasalud.mx\/wp-content\/uploads\/2025\/10\/WhatsApp-Image-2025-10-29-at-09.36.36.jpeg\" alt=\"\" class=\"wp-image-75525\"\/><\/figure>\n<\/figure>\n\n\n\n<h2 class=\"wp-block-heading\"><strong>Impacto y Colaboraci\u00f3n<\/strong><\/h2>\n\n\n\n<p class=\"wp-block-paragraph\">El evento incluy\u00f3 talleres pr\u00e1cticos como \u201cLiverLab\u201d y sesiones interactivas, con aportes de expertos como la <strong>Dra. Carlota Andreu Arasa<\/strong> y el <strong>Dr. Jean Pierre Tasu<\/strong>. La bio\u00e9tica, liderada por la <strong>Dra. Araceli Cu\u00e9 Castro<\/strong>, a\u00f1adi\u00f3 debates \u00e9ticos relevantes. La asistencia de radi\u00f3logos y t\u00e9cnicos reforz\u00f3 el compromiso de la FMRI con la educaci\u00f3n continua.<\/p>\n\n\n\n<p class=\"wp-block-paragraph\">Este evento sin lugar a dudas redefine la radiolog\u00eda en M\u00e9xico.<\/p>\n\n\n\n<figure class=\"wp-block-gallery has-nested-images columns-default is-cropped wp-block-gallery-4 is-layout-flex wp-block-gallery-is-layout-flex\">\n<figure class=\"wp-block-image size-large\"><img decoding=\"async\" data-id=\"75534\" src=\"https:\/\/lasalud.mx\/wp-content\/uploads\/2025\/10\/WhatsApp-Image-2025-10-28-at-17.59.35-1024x683.jpeg\" alt=\"\" class=\"wp-image-75534\"\/><\/figure>\n\n\n\n<figure class=\"wp-block-image size-large\"><img decoding=\"async\" data-id=\"75531\" src=\"https:\/\/lasalud.mx\/wp-content\/uploads\/2025\/10\/WhatsApp-Image-2025-10-28-at-17.59.36-1024x683.jpeg\" alt=\"\" class=\"wp-image-75531\"\/><\/figure>\n\n\n\n<figure class=\"wp-block-image size-large\"><img decoding=\"async\" data-id=\"75537\" src=\"https:\/\/lasalud.mx\/wp-content\/uploads\/2025\/10\/WhatsApp-Image-2025-10-28-at-17.59.33-1024x683.jpeg\" alt=\"\" class=\"wp-image-75537\"\/><\/figure>\n\n\n\n<figure class=\"wp-block-image size-large\"><img decoding=\"async\" data-id=\"75530\" src=\"https:\/\/lasalud.mx\/wp-content\/uploads\/2025\/10\/WhatsApp-Image-2025-10-28-at-17.59.36-1-1024x683.jpeg\" alt=\"\" class=\"wp-image-75530\"\/><\/figure>\n\n\n\n<figure class=\"wp-block-image size-large\"><img decoding=\"async\" data-id=\"75529\" src=\"https:\/\/lasalud.mx\/wp-content\/uploads\/2025\/10\/Onco-Portada-1024x683.jpeg\" alt=\"\" class=\"wp-image-75529\"\/><\/figure>\n<\/figure>\n\n\n\n<blockquote class=\"wp-block-quote is-layout-flow wp-block-quote-is-layout-flow\">\n<p class=\"wp-block-paragraph\">Esta nota as\u00ed como reportajes, entrevistas exclusivas, videos, podcast y m\u00e1s los podr\u00e1s encontrar en nuestra pr\u00f3xima edici\u00f3n especial digital de <strong>Temas Selectos en Salud.<\/strong><\/p>\n\n\n\n<p class=\"wp-block-paragraph\"><strong>LaSalud.lat \/<\/strong> <strong><a href=\"http:\/\/lasalud.mx\" data-type=\"link\" data-id=\"lasalud.mx\">LaSalud.mx<\/a><\/strong> La Revista de la Comunidad M\u00e9dica.<\/p>\n\n\n\n<p class=\"wp-block-paragraph\">Visita algunas de nuestras ediciones especiales en <a href=\"https:\/\/issuu.com\/grupo-mundodehoy\"><strong>https:\/\/issuu.com\/grupo-mundodehoy<\/strong><\/a><\/p>\n<\/blockquote>\n\n\n\n<p class=\"wp-block-paragraph\">D.E.<\/p>\n","protected":false},"excerpt":{"rendered":"<p>El XII Curso Internacional de Imagen Seccional reuni\u00f3 a m\u00e1s de 1,500 especialistas en torno a los avances diagn\u00f3sticos en escenarios cr\u00edticos Por: Carlos Henze \/ Fotograf\u00eda: Lourdes Hurtado LaSalud.mx \/ Oncologia.mx \/ Hematologia.mx \/ LaSalud.lat, Guadalajara, Jalisco, 11 de abril de 2026 .- Del 15 al 18 de octubre de 2025, el Hotel Hard &hellip;<\/p>\n","protected":false},"author":2,"featured_media":44,"comment_status":"open","ping_status":"open","sticky":false,"template":"","format":"standard","meta":{"footnotes":""},"categories":[15,2,3,16,7],"tags":[67,66,69,68,71,73,72,74,76,75,78,77,80,79,81,21,82,83,84,85,70],"class_list":["post-43","post","type-post","status-publish","format-standard","has-post-thumbnail","","category-equipos","category-especiales","category-eventos","category-ia","category-oncologia","tag-aidaperezlara","tag-aracelicuecastro","tag-carlotaandreuarasa","tag-cmri","tag-consejomexicanoderadiologiaeimagen","tag-eduardohernandezrangel","tag-federacionmexicanaderadiologiaeimagen","tag-fmri","tag-hernangordillorosiles","tag-jeanpierretasu","tag-josefranciscodiazfernandez","tag-juanalejandroregaladochico","tag-karlamarianunezbarragan","tag-marioalbertocamposcoy","tag-oscararmandochavezbarba","tag-portada","tag-radiologiadeurgencia","tag-rafireyes","tag-sandraivonnezaragozasolis","tag-sergioandrescrialesvera","tag-xiicursointernacionaldeimagenseccional"],"_links":{"self":[{"href":"https:\/\/lasalud.lat\/index.php?rest_route=\/wp\/v2\/posts\/43","targetHints":{"allow":["GET"]}}],"collection":[{"href":"https:\/\/lasalud.lat\/index.php?rest_route=\/wp\/v2\/posts"}],"about":[{"href":"https:\/\/lasalud.lat\/index.php?rest_route=\/wp\/v2\/types\/post"}],"author":[{"embeddable":true,"href":"https:\/\/lasalud.lat\/index.php?rest_route=\/wp\/v2\/users\/2"}],"replies":[{"embeddable":true,"href":"https:\/\/lasalud.lat\/index.php?rest_route=%2Fwp%2Fv2%2Fcomments&post=43"}],"version-history":[{"count":1,"href":"https:\/\/lasalud.lat\/index.php?rest_route=\/wp\/v2\/posts\/43\/revisions"}],"predecessor-version":[{"id":45,"href":"https:\/\/lasalud.lat\/index.php?rest_route=\/wp\/v2\/posts\/43\/revisions\/45"}],"wp:featuredmedia":[{"embeddable":true,"href":"https:\/\/lasalud.lat\/index.php?rest_route=\/wp\/v2\/media\/44"}],"wp:attachment":[{"href":"https:\/\/lasalud.lat\/index.php?rest_route=%2Fwp%2Fv2%2Fmedia&parent=43"}],"wp:term":[{"taxonomy":"category","embeddable":true,"href":"https:\/\/lasalud.lat\/index.php?rest_route=%2Fwp%2Fv2%2Fcategories&post=43"},{"taxonomy":"post_tag","embeddable":true,"href":"https:\/\/lasalud.lat\/index.php?rest_route=%2Fwp%2Fv2%2Ftags&post=43"}],"curies":[{"name":"wp","href":"https:\/\/api.w.org\/{rel}","templated":true}]}}