{"id":40,"date":"2026-04-11T05:20:22","date_gmt":"2026-04-11T05:20:22","guid":{"rendered":"https:\/\/lasalud.lat\/?p=40"},"modified":"2026-04-11T05:20:23","modified_gmt":"2026-04-11T05:20:23","slug":"imagenus-incorpora-pet-ct-umi-550-y-redefine-el-diagnostico-en-mexico","status":"publish","type":"post","link":"https:\/\/lasalud.lat\/?p=40","title":{"rendered":"Imagenus incorpora PET\/CT uMI 550 y redefine el diagn\u00f3stico en M\u00e9xico"},"content":{"rendered":"\n<p class=\"wp-block-paragraph\"><strong>El nuevo equipo permite identificar lesiones de menor tama\u00f1o con mayor precisi\u00f3n, fortaleciendo la capacidad cl\u00ednica en oncolog\u00eda, cardiolog\u00eda y neurolog\u00eda<\/strong><\/p>\n\n\n\n<p class=\"wp-block-paragraph\"><em>Por: Redacci\u00f3n<\/em><\/p>\n\n\n\n<p class=\"wp-block-paragraph\"><strong><a href=\"http:\/\/lasalud.mx\" data-type=\"link\" data-id=\"lasalud.mx\">LaSalud.mx<\/a> \/ LaSalud.lat, Ciudad de M\u00e9xico, 10 de abril de 2026 .-<\/strong> En un hito para la tecnolog\u00eda m\u00e9dica en el pa\u00eds, <strong>Imagenus, marca que forma parte de Grupo Diagn\u00f3stico Proa<\/strong>, inaugur\u00f3 el <strong>equipo PET\/CT uMI 550 de la marca United Imaging<\/strong>.<\/p>\n\n\n\n<p class=\"wp-block-paragraph\">Este innovador sistema de imagen molecular representa un paso adelante en el diagn\u00f3stico preciso y oportuno de enfermedades complejas, beneficiando directamente a los pacientes con procedimientos m\u00e1s seguros, r\u00e1pidos y eficientes. Adem\u00e1s, <strong>Grupo Diagn\u00f3stico Proa<\/strong> es el primer <strong>centro privado en M\u00e9xico en obtener la certificaci\u00f3n internacional<\/strong>.<\/p>\n\n\n\n<p class=\"wp-block-paragraph\">EANM\/EARL, que respalda la calidad y precisi\u00f3n de sus estudios PET\/CT. Este reconocimiento posiciona a GDP como centro de referencia en el sector privado del pa\u00eds.<\/p>\n\n\n\n<p class=\"wp-block-paragraph\">La ceremonia de inauguraci\u00f3n, que cont\u00f3 con la presencia de directivos de<strong> Grupo Diagn\u00f3stico Proa<\/strong> (GDP), destacados m\u00e9dicos especialistas y directivos de <strong>Electr\u00f3nica y Medicina (EYMSA)<\/strong> representante de <strong>United Imaging<\/strong> en M\u00e9xico, marca la incorporaci\u00f3n de esta tecnolog\u00eda de vanguardia en la Ciudad de M\u00e9xico, ampliando el acceso a diagn\u00f3sticos de alta calidad en el sector privado, fortaleciendo la capacidad de respuesta m\u00e9dica en \u00e1reas como oncolog\u00eda, cardiolog\u00eda y neurolog\u00eda, entre otras.<\/p>\n\n\n\n<p class=\"wp-block-paragraph\">Esta celebraci\u00f3n se vio coronada con un evento acad\u00e9mico exclusivo de actualizaci\u00f3n en el manejo y utilidad del PET\/CT y al que este diario fue convocado con el compromiso de compartir esta evoluci\u00f3n tecnol\u00f3gica y su impacto cl\u00ednico.<\/p>\n\n\n\n<figure class=\"wp-block-gallery aligncenter has-nested-images columns-default is-cropped wp-block-gallery-1 is-layout-flex wp-block-gallery-is-layout-flex\">\n<figure class=\"wp-block-image size-large\"><img decoding=\"async\" data-id=\"83402\" src=\"https:\/\/mundodehoy.com\/wp-content\/uploads\/2025\/09\/SR2A5359-1024x683.jpg\" alt=\"\" class=\"wp-image-83402\"\/><\/figure>\n\n\n\n<figure class=\"wp-block-image size-large\"><img decoding=\"async\" data-id=\"83423\" src=\"https:\/\/mundodehoy.com\/wp-content\/uploads\/2025\/09\/SR2A5026-edit-1024x683.jpg\" alt=\"\" class=\"wp-image-83423\"\/><\/figure>\n\n\n\n<figure class=\"wp-block-image size-large\"><img decoding=\"async\" data-id=\"83405\" src=\"https:\/\/mundodehoy.com\/wp-content\/uploads\/2025\/09\/SR2A5326-1024x683.jpg\" alt=\"\" class=\"wp-image-83405\"\/><\/figure>\n\n\n\n<figure class=\"wp-block-image size-large\"><img decoding=\"async\" data-id=\"83406\" src=\"https:\/\/mundodehoy.com\/wp-content\/uploads\/2025\/09\/SR2A5309-1024x683.jpg\" alt=\"\" class=\"wp-image-83406\"\/><\/figure>\n<\/figure>\n\n\n\n<p class=\"wp-block-paragraph\">El uMI 550, un esc\u00e1ner PET\/CT digital de alta resoluci\u00f3n, destaca por su integraci\u00f3n de inteligencia artificial (IA) que optimiza la reconstrucci\u00f3n de im\u00e1genes, permitiendo una nitidez excepcional sin comprometer la seguridad del paciente. Entre sus principales ventajas se encuentra la capacidad de realizar escaneos de cuerpo completo en tan solo 8 minutos, lo que reduce significativamente el tiempo que los pacientes pasan en el equipo y minimiza el estr\u00e9s asociado a estos procedimientos.<\/p>\n\n\n\n<p class=\"wp-block-paragraph\">Uno de los beneficios m\u00e1s destacados para los pacientes es la reducci\u00f3n en la dosis de radiaci\u00f3n. Gracias a su detector PET digital avanzado y tecnolog\u00eda de fibra integrada, el uMI 550 logra im\u00e1genes de alta calidad con dosis m\u00e1s bajas, lo que es especialmente valioso para personas en tratamientos prolongados o poblaciones vulnerables como ni\u00f1os y adultos mayores. Esta caracter\u00edstica no solo mejora la seguridad, sino que tambi\u00e9n facilita un seguimiento m\u00e1s frecuente sin riesgos adicionales.<\/p>\n\n\n\n<figure class=\"wp-block-gallery aligncenter has-nested-images columns-default is-cropped wp-block-gallery-2 is-layout-flex wp-block-gallery-is-layout-flex\">\n<figure class=\"wp-block-image size-large\"><img decoding=\"async\" data-id=\"83404\" src=\"https:\/\/mundodehoy.com\/wp-content\/uploads\/2025\/09\/SR2A5336-1024x683.jpg\" alt=\"\" class=\"wp-image-83404\"\/><\/figure>\n\n\n\n<figure class=\"wp-block-image size-large\"><img decoding=\"async\" data-id=\"83408\" src=\"https:\/\/mundodehoy.com\/wp-content\/uploads\/2025\/09\/SR2A5266-1024x683.jpg\" alt=\"\" class=\"wp-image-83408\"\/><\/figure>\n\n\n\n<figure class=\"wp-block-image size-large\"><img decoding=\"async\" data-id=\"83416\" src=\"https:\/\/mundodehoy.com\/wp-content\/uploads\/2025\/09\/SR2A5110-1024x683.jpg\" alt=\"\" class=\"wp-image-83416\"\/><\/figure>\n\n\n\n<figure class=\"wp-block-image size-large\"><img decoding=\"async\" data-id=\"83417\" src=\"https:\/\/mundodehoy.com\/wp-content\/uploads\/2025\/09\/SR2A5080-1024x683.jpg\" alt=\"\" class=\"wp-image-83417\"\/><\/figure>\n<\/figure>\n\n\n\n<p class=\"wp-block-paragraph\"><strong><a href=\"https:\/\/www.youtube.com\/watch?v=30XDQ7xNmjA\" data-type=\"link\" data-id=\"https:\/\/www.youtube.com\/watch?v=30XDQ7xNmjA\">Carlos Alberto Mosqueira P\u00e9rez<\/a>, Director General de Grupo Diagn\u00f3stico Proa<\/strong>, en entrevista con este medio destac\u00f3 la adquisici\u00f3n del equipo PET\/CT uMI 550 de United Imaging en Imagenus como parte de la visi\u00f3n estrat\u00e9gica del Grupo para ofrecer tecnolog\u00eda de punta que garantice diagn\u00f3sticos precisos y r\u00e1pidos. Este equipo digital, con un tom\u00f3grafo de 80 cortes y alta resoluci\u00f3n, permite detectar lesiones m\u00e1s peque\u00f1as de hasta 3mm, mejorando el diagn\u00f3stico de enfermedades oncol\u00f3gicas con mayor nitidez.<\/p>\n\n\n\n<figure class=\"wp-block-embed is-type-video is-provider-youtube wp-block-embed-youtube wp-embed-aspect-16-9 wp-has-aspect-ratio\"><div class=\"wp-block-embed__wrapper\">\n<iframe loading=\"lazy\" title=\"Carlos Alberto Mosqueira P\u00e9rez, Director General de Grupo Diagn\u00f3stico Proa \u2013 Entrevista Exclusiva\" width=\"618\" height=\"348\" src=\"https:\/\/www.youtube.com\/embed\/30XDQ7xNmjA?feature=oembed\" frameborder=\"0\" allow=\"accelerometer; autoplay; clipboard-write; encrypted-media; gyroscope; picture-in-picture; web-share\" referrerpolicy=\"strict-origin-when-cross-origin\" allowfullscreen><\/iframe>\n<\/div><\/figure>\n\n\n\n<p class=\"wp-block-paragraph\">La certificaci\u00f3n EARL, otorgada por el Organismo Europeo de Medicina Nuclear, valida la calidad de las im\u00e1genes generadas, posicionando a Imagenus al nivel de los mejores gabinetes mundiales. \u201cEsto brinda certidumbre a m\u00e9dicos, pacientes y farmac\u00e9uticas internacionales, asegurando estudios comparables globalmente. Nuestro equipo reduce el tiempo de escaneo y el estr\u00e9s de los pacientes, permitiendo mayor comodidad y menos restricciones de movimiento\u201d. Apunt\u00f3.<\/p>\n\n\n\n<figure class=\"wp-block-gallery aligncenter has-nested-images columns-default is-cropped wp-block-gallery-3 is-layout-flex wp-block-gallery-is-layout-flex\">\n<figure class=\"wp-block-image size-large\"><img decoding=\"async\" data-id=\"83407\" src=\"https:\/\/mundodehoy.com\/wp-content\/uploads\/2025\/09\/SR2A5273-1024x683.jpg\" alt=\"\" class=\"wp-image-83407\"\/><\/figure>\n\n\n\n<figure class=\"wp-block-image size-large\"><img decoding=\"async\" data-id=\"83415\" src=\"https:\/\/mundodehoy.com\/wp-content\/uploads\/2025\/09\/SR2A5117-1024x683.jpg\" alt=\"\" class=\"wp-image-83415\"\/><\/figure>\n\n\n\n<figure class=\"wp-block-image size-large\"><img decoding=\"async\" data-id=\"83419\" src=\"https:\/\/mundodehoy.com\/wp-content\/uploads\/2025\/09\/SR2A5052-1024x683.jpg\" alt=\"\" class=\"wp-image-83419\"\/><\/figure>\n\n\n\n<figure class=\"wp-block-image size-large\"><img decoding=\"async\" data-id=\"83413\" src=\"https:\/\/mundodehoy.com\/wp-content\/uploads\/2025\/09\/SR2A5169-1024x683.jpg\" alt=\"\" class=\"wp-image-83413\"\/><\/figure>\n<\/figure>\n\n\n\n<p class=\"wp-block-paragraph\">Por su parte el <strong><a href=\"https:\/\/www.youtube.com\/watch?v=AFutjY8XDKA\" data-type=\"link\" data-id=\"https:\/\/www.youtube.com\/watch?v=AFutjY8XDKA\">Dr. Osvaldo Garc\u00eda P\u00e9rez<\/a>, Coordinador Nacional de Medicina Nuclear y PET\/CT en Grupo Proa <\/strong>destac\u00f3 el impacto de este equipo subrayando su relevancia m\u00e1s all\u00e1 de la oncolog\u00eda. \u201cEn neurolog\u00eda, cardiolog\u00eda, traumatolog\u00eda, reumatolog\u00eda e infectolog\u00eda, el PET\/CT identifica procesos infecciosos, reumatol\u00f3gicos activos y focos de infecci\u00f3n, facilitando biopsias y tratamientos m\u00e1s efectivos. La imagen molecular, clave en la medicina personalizada, permite evaluar procesos biol\u00f3gicos espec\u00edficos, como en tumores neuroendocrinos, c\u00e1ncer de pr\u00f3stata o mama, ofreciendo biomarcadores con valor predictivo y pron\u00f3stico para personalizar tratamientos\u201d.<\/p>\n\n\n\n<figure class=\"wp-block-embed is-type-video is-provider-youtube wp-block-embed-youtube wp-embed-aspect-16-9 wp-has-aspect-ratio\"><div class=\"wp-block-embed__wrapper\">\n<iframe loading=\"lazy\" title=\"Entrevista con Osvaldo Garc\u00eda P\u00e9rez, Coordinador Nacional de Medicina Nuclear y PET\/CT en Grupo Proa\" width=\"618\" height=\"348\" src=\"https:\/\/www.youtube.com\/embed\/AFutjY8XDKA?feature=oembed\" frameborder=\"0\" allow=\"accelerometer; autoplay; clipboard-write; encrypted-media; gyroscope; picture-in-picture; web-share\" referrerpolicy=\"strict-origin-when-cross-origin\" allowfullscreen><\/iframe>\n<\/div><\/figure>\n\n\n\n<p class=\"wp-block-paragraph\">Para la <strong><a href=\"https:\/\/www.youtube.com\/watch?v=A05NiADAwVw\" data-type=\"link\" data-id=\"https:\/\/www.youtube.com\/watch?v=A05NiADAwVw\">Dra. Natalia Ram\u00edrez Pedraza<\/a><\/strong>, <strong>Especialista en Imagen H\u00edbrida PET\/CT,<\/strong> este equipo permite obtener im\u00e1genes precisas con menor radiaci\u00f3n y hasta tres veces menos dosis de radiof\u00e1rmaco en estudios PET, adem\u00e1s de reducir el tiempo de escaneo mejorando la comodidad del paciente, especialmente para aquellos con dolor o cirug\u00edas recientes, disminuyendo la necesidad de sedaci\u00f3n.<\/p>\n\n\n\n<figure class=\"wp-block-embed is-type-video is-provider-youtube wp-block-embed-youtube wp-embed-aspect-16-9 wp-has-aspect-ratio\"><div class=\"wp-block-embed__wrapper\">\n<iframe loading=\"lazy\" title=\"Entrevista con la Dra. Natalia Ram\u00edrez Pedraza, Especialista en Imagen H\u00edbrida PET\/CT en Grupo Proa\" width=\"618\" height=\"348\" src=\"https:\/\/www.youtube.com\/embed\/A05NiADAwVw?feature=oembed\" frameborder=\"0\" allow=\"accelerometer; autoplay; clipboard-write; encrypted-media; gyroscope; picture-in-picture; web-share\" referrerpolicy=\"strict-origin-when-cross-origin\" allowfullscreen><\/iframe>\n<\/div><\/figure>\n\n\n\n<p class=\"wp-block-paragraph\">El uMI 550 destaca en especialidades como <strong>neurolog\u00eda<\/strong>, detectando alteraciones metab\u00f3licas tempranas en el cerebro, y en <strong>infectolog\u00eda<\/strong>, identificando focos de infecci\u00f3n, as\u00ed como la evaluaci\u00f3n de la endocarditis. Tambi\u00e9n es clave en <strong>enfermedades autoinmunes<\/strong>, donde distingue actividad metab\u00f3lica de cambios anat\u00f3micos como fibrosis, ofreciendo<strong> mayor precisi\u00f3n diagn\u00f3stica<\/strong>.<\/p>\n\n\n\n<p class=\"wp-block-paragraph\">La <strong><a href=\"https:\/\/www.youtube.com\/watch?v=LeLYUeAOkCg\" data-type=\"link\" data-id=\"https:\/\/www.youtube.com\/watch?v=LeLYUeAOkCg\">Dra. M\u00f3nica Alexandra Rinc\u00f3n Camargo<\/a>, Directora de Gabinetes en Grupo Proa<\/strong> celebr\u00f3 la inauguraci\u00f3n del equipo destacando sus ventajas como tecnolog\u00eda digital.<\/p>\n\n\n\n<figure class=\"wp-block-embed is-type-video is-provider-youtube wp-block-embed-youtube wp-embed-aspect-16-9 wp-has-aspect-ratio\"><div class=\"wp-block-embed__wrapper\">\n<iframe loading=\"lazy\" title=\"Dra. M\u00f3nica Alexandra Rinc\u00f3n Camargo, Directora de Gabinetes en Grupo Proa (entrevista)\" width=\"618\" height=\"348\" src=\"https:\/\/www.youtube.com\/embed\/LeLYUeAOkCg?feature=oembed\" frameborder=\"0\" allow=\"accelerometer; autoplay; clipboard-write; encrypted-media; gyroscope; picture-in-picture; web-share\" referrerpolicy=\"strict-origin-when-cross-origin\" allowfullscreen><\/iframe>\n<\/div><\/figure>\n\n\n\n<p class=\"wp-block-paragraph\">La Dra. Rinc\u00f3n resalt\u00f3 el valor del equipo humano detr\u00e1s de este proyecto, compuesto por m\u00e9dicos especialistas certificados, personal t\u00e9cnico y administrativo comprometidos con un servicio de calidad centrado en el paciente.<\/p>\n\n\n\n<figure class=\"wp-block-gallery aligncenter has-nested-images columns-default is-cropped wp-block-gallery-4 is-layout-flex wp-block-gallery-is-layout-flex\">\n<figure class=\"wp-block-image size-large\"><img decoding=\"async\" data-id=\"83411\" src=\"https:\/\/mundodehoy.com\/wp-content\/uploads\/2025\/09\/SR2A5192-1024x683.jpg\" alt=\"\" class=\"wp-image-83411\"\/><\/figure>\n\n\n\n<figure class=\"wp-block-image size-large\"><img decoding=\"async\" data-id=\"83403\" src=\"https:\/\/mundodehoy.com\/wp-content\/uploads\/2025\/09\/SR2A5344-1024x683.jpg\" alt=\"\" class=\"wp-image-83403\"\/><\/figure>\n\n\n\n<figure class=\"wp-block-image size-large\"><img decoding=\"async\" data-id=\"83410\" src=\"https:\/\/mundodehoy.com\/wp-content\/uploads\/2025\/09\/SR2A5201-1024x683.jpg\" alt=\"\" class=\"wp-image-83410\"\/><\/figure>\n\n\n\n<figure class=\"wp-block-image size-large\"><img decoding=\"async\" data-id=\"83418\" src=\"https:\/\/mundodehoy.com\/wp-content\/uploads\/2025\/09\/SR2A5066-1024x683.jpg\" alt=\"\" class=\"wp-image-83418\"\/><\/figure>\n<\/figure>\n\n\n\n<p class=\"wp-block-paragraph\">En el marco de esta inauguraci\u00f3n se llev\u00f3 a cabo un programa que destac\u00f3 la relevancia PET\/CT UMI 550 en la medicina de precisi\u00f3n donde la Dra. Natalia Ram\u00edrez Pedraza y Dr. Francisco Osvaldo Garc\u00eda P\u00e9rez, hablaron sobre <strong>la utilidad del PET\/CT en patolog\u00eda no oncol\u00f3gica e impacto de la imagen molecular en la medicina de precisi\u00f3n<\/strong>, por su parte el <strong>Dr. Gustavo Agust\u00edn Pe\u00f1a<\/strong>, Especialista en Medicina Nuclear y Radiodiagn\u00f3stico y el <strong>Bioing<\/strong>. <strong>Emiliano Alejandro Marino<\/strong>, Bioingeniero y Mag\u00edster en F\u00edsica M\u00e9dico dialogaron sobre el <strong>Desempe\u00f1o de t\u00e9cnicas de reconstrucci\u00f3n cl\u00ednica por IA para optimizaci\u00f3n en aplicaciones oncol\u00f3gicas y detectabilidad de micron\u00f3dulos pulmonares en PET\/CT UMI 550.<\/strong><\/p>\n\n\n\n<h2 class=\"wp-block-heading\"><strong>Un Futuro prometedor en el Diagn\u00f3stico de Precisi\u00f3n<\/strong><\/h2>\n\n\n\n<p class=\"wp-block-paragraph\">Grupo Proa planea expandir su red de sucursales y activos digitales, incluyendo una nueva app y almacenamiento en la nube para que los m\u00e9dicos accedan a im\u00e1genes cl\u00ednicas de inmediato. La capacitaci\u00f3n del personal incluye colaboraci\u00f3n con instituciones como el Instituto Nacional de Nutrici\u00f3n y participaci\u00f3n en congresos internacionales. Adem\u00e1s, se buscan alianzas con universidades y centros de investigaci\u00f3n para fomentar la formaci\u00f3n y la innovaci\u00f3n.<\/p>\n\n\n\n<figure class=\"wp-block-gallery aligncenter has-nested-images columns-default is-cropped wp-block-gallery-5 is-layout-flex wp-block-gallery-is-layout-flex\">\n<figure class=\"wp-block-image size-large\"><img decoding=\"async\" data-id=\"83420\" src=\"https:\/\/mundodehoy.com\/wp-content\/uploads\/2025\/09\/SR2A5045-1024x683.jpg\" alt=\"\" class=\"wp-image-83420\"\/><\/figure>\n\n\n\n<figure class=\"wp-block-image size-large\"><img decoding=\"async\" data-id=\"83412\" src=\"https:\/\/mundodehoy.com\/wp-content\/uploads\/2025\/09\/SR2A5175-1024x683.jpg\" alt=\"\" class=\"wp-image-83412\"\/><\/figure>\n\n\n\n<figure class=\"wp-block-image size-large\"><img decoding=\"async\" data-id=\"83421\" src=\"https:\/\/mundodehoy.com\/wp-content\/uploads\/2025\/09\/SR2A5031-1024x683.jpg\" alt=\"\" class=\"wp-image-83421\"\/><\/figure>\n\n\n\n<figure class=\"wp-block-image size-large\"><img decoding=\"async\" data-id=\"83409\" src=\"https:\/\/mundodehoy.com\/wp-content\/uploads\/2025\/09\/SR2A5240-1024x683.jpg\" alt=\"\" class=\"wp-image-83409\"\/><\/figure>\n<\/figure>\n\n\n\n<p class=\"wp-block-paragraph\">Al concluir el evento, el Lic. Carlos Mosqueira enfatiz\u00f3 que ofrecer diagn\u00f3sticos con est\u00e1ndares internacionales es una responsabilidad fundamental, ya que la salud es lo primero. Invit\u00f3 a los m\u00e9dicos a confiar en Imagenus para obtener estudios precisos que, junto con su<em> expertise<\/em> cl\u00ednico, optimicen la atenci\u00f3n al paciente. Finalmente, agradeci\u00f3 a la comunidad m\u00e9dica y a los pacientes por su confianza en el crecimiento de <strong>Grupo Diagn\u00f3stico Proa<\/strong>.<\/p>\n\n\n\n<p class=\"wp-block-paragraph\"><strong>United Imaging<\/strong>, una compa\u00f1\u00eda global l\u00edder en soluciones de imagen m\u00e9dica ha expandido <strong>su presencia en M\u00e9xico a trav\u00e9s de EYMSA<\/strong> con instalaciones como esta, promoviendo la accesibilidad a tecnolog\u00edas digitales. Expertos coinciden en que sistemas como el uMI 550, con su dise\u00f1o m\u00f3vil-ready y compatibilidad con aplicaciones cl\u00ednicas cuantitativas, democratizan el acceso a diagn\u00f3sticos de \u00e9lite, reduciendo la brecha entre centros especializados y la poblaci\u00f3n general.<\/p>\n\n\n\n<figure class=\"wp-block-gallery aligncenter has-nested-images columns-default is-cropped wp-block-gallery-6 is-layout-flex wp-block-gallery-is-layout-flex\">\n<figure class=\"wp-block-image size-large\"><img decoding=\"async\" data-id=\"83422\" src=\"https:\/\/mundodehoy.com\/wp-content\/uploads\/2025\/09\/SR2A5030-1024x683.jpg\" alt=\"\" class=\"wp-image-83422\"\/><\/figure>\n\n\n\n<figure class=\"wp-block-image size-large\"><img decoding=\"async\" data-id=\"83414\" src=\"https:\/\/mundodehoy.com\/wp-content\/uploads\/2025\/09\/SR2A5125-1024x683.jpg\" alt=\"\" class=\"wp-image-83414\"\/><\/figure>\n<\/figure>\n\n\n\n<p class=\"wp-block-paragraph\">Esta inauguraci\u00f3n llega en un momento clave, aline\u00e1ndose con tendencias globales hacia la medicina de <strong>precisi\u00f3n<\/strong> y a los avances tecnol\u00f3gicos a nivel mundial en centros de excelencia. <strong>Pacientes de Imagenus ahora pueden beneficiarse de un equipo que no solo acelera el proceso diagn\u00f3stico, sino que tambi\u00e9n contribuye a una atenci\u00f3n m\u00e1s humanizada y efectiva<\/strong>. Con esta adquisici\u00f3n, <strong>Grupo Diagn\u00f3stico Proa reafirma su compromiso con la innovaci\u00f3n en salud<\/strong>, prometiendo un futuro donde el diagn\u00f3stico temprano sea la norma, no la excepci\u00f3n.<\/p>\n\n\n<div class=\"wp-block-image\">\n<figure class=\"aligncenter size-full\"><img decoding=\"async\" src=\"https:\/\/lasalud.mx\/wp-content\/uploads\/2025\/09\/publi-1.jpg\" alt=\"\" class=\"wp-image-74886\"\/><\/figure>\n<\/div>\n\n\n<blockquote class=\"wp-block-quote is-layout-flow wp-block-quote-is-layout-flow\">\n<p class=\"wp-block-paragraph\">Esta nota as\u00ed como reportajes, entrevistas exclusivas, videos, podcast y m\u00e1s los podr\u00e1s encontrar en nuestra pr\u00f3xima edici\u00f3n especial digital de <strong>Temas Selectos de la Salud.<\/strong><\/p>\n\n\n\n<p class=\"wp-block-paragraph\"><strong>LaSalud.lat \/<\/strong> <strong><a href=\"http:\/\/lasalud.mx\" data-type=\"link\" data-id=\"lasalud.mx\">LaSalud.mx<\/a><\/strong> La Revista de la Comunidad M\u00e9dica.<\/p>\n\n\n\n<p class=\"wp-block-paragraph\">Visita algunas de nuestras ediciones especiales en <strong><a href=\"https:\/\/issuu.com\/grupo-mundodehoy\">https:\/\/issuu.com\/grupo-mundodehoy<\/a><\/strong><\/p>\n<\/blockquote>\n\n\n\n<p class=\"wp-block-paragraph\">D.E.<\/p>\n","protected":false},"excerpt":{"rendered":"<p>El nuevo equipo permite identificar lesiones de menor tama\u00f1o con mayor precisi\u00f3n, fortaleciendo la capacidad cl\u00ednica en oncolog\u00eda, cardiolog\u00eda y neurolog\u00eda Por: Redacci\u00f3n LaSalud.mx \/ LaSalud.lat, Ciudad de M\u00e9xico, 10 de abril de 2026 .- En un hito para la tecnolog\u00eda m\u00e9dica en el pa\u00eds, Imagenus, marca que forma parte de Grupo Diagn\u00f3stico Proa, inaugur\u00f3 &hellip;<\/p>\n","protected":false},"author":2,"featured_media":41,"comment_status":"open","ping_status":"open","sticky":false,"template":"","format":"standard","meta":{"footnotes":""},"categories":[15,3,7],"tags":[51,54,53,55,56,52,57,58,60,59,61,62,63,64,21,65],"class_list":["post-40","post","type-post","status-publish","format-standard","has-post-thumbnail","","category-equipos","category-eventos","category-oncologia","tag-carlosalbertomosqueiraperez","tag-earl","tag-emilianoalejandromarino","tag-enfermedadesautoinmunes","tag-eymsa","tag-grupodiagnosticoproa","tag-gustavoagustinpena","tag-imagenus","tag-infectologia","tag-monicaalexandrarinconcamargo","tag-nataliaramirezpedraza","tag-neurologia","tag-osvaldogarciaperez","tag-pet-ct","tag-portada","tag-unitedimaging"],"_links":{"self":[{"href":"https:\/\/lasalud.lat\/index.php?rest_route=\/wp\/v2\/posts\/40","targetHints":{"allow":["GET"]}}],"collection":[{"href":"https:\/\/lasalud.lat\/index.php?rest_route=\/wp\/v2\/posts"}],"about":[{"href":"https:\/\/lasalud.lat\/index.php?rest_route=\/wp\/v2\/types\/post"}],"author":[{"embeddable":true,"href":"https:\/\/lasalud.lat\/index.php?rest_route=\/wp\/v2\/users\/2"}],"replies":[{"embeddable":true,"href":"https:\/\/lasalud.lat\/index.php?rest_route=%2Fwp%2Fv2%2Fcomments&post=40"}],"version-history":[{"count":1,"href":"https:\/\/lasalud.lat\/index.php?rest_route=\/wp\/v2\/posts\/40\/revisions"}],"predecessor-version":[{"id":42,"href":"https:\/\/lasalud.lat\/index.php?rest_route=\/wp\/v2\/posts\/40\/revisions\/42"}],"wp:featuredmedia":[{"embeddable":true,"href":"https:\/\/lasalud.lat\/index.php?rest_route=\/wp\/v2\/media\/41"}],"wp:attachment":[{"href":"https:\/\/lasalud.lat\/index.php?rest_route=%2Fwp%2Fv2%2Fmedia&parent=40"}],"wp:term":[{"taxonomy":"category","embeddable":true,"href":"https:\/\/lasalud.lat\/index.php?rest_route=%2Fwp%2Fv2%2Fcategories&post=40"},{"taxonomy":"post_tag","embeddable":true,"href":"https:\/\/lasalud.lat\/index.php?rest_route=%2Fwp%2Fv2%2Ftags&post=40"}],"curies":[{"name":"wp","href":"https:\/\/api.w.org\/{rel}","templated":true}]}}