{"id":36,"date":"2026-04-11T02:01:09","date_gmt":"2026-04-11T02:01:09","guid":{"rendered":"https:\/\/lasalud.lat\/?p=36"},"modified":"2026-04-17T18:58:36","modified_gmt":"2026-04-18T00:58:36","slug":"innovacion-con-proposito-la-vision-de-hector-orellana-en-mind360","status":"publish","type":"post","link":"https:\/\/lasalud.lat\/?p=36","title":{"rendered":"Innovaci\u00f3n con prop\u00f3sito: la visi\u00f3n de H\u00e9ctor Orellana en MIND360"},"content":{"rendered":"\n<p class=\"wp-block-paragraph\"><strong>Durante su participaci\u00f3n, el especialista enfatiz\u00f3 que la evoluci\u00f3n tecnol\u00f3gica debe ir acompa\u00f1ada de una visi\u00f3n centrada en el paciente<\/strong><\/p>\n\n\n\n<p class=\"wp-block-paragraph\"><em>Por: Lourdes Hurtado, enviada especial <\/em><a href=\"http:\/\/lasalud.mx\"><em>LaSalud.mx<\/em><\/a><em> <\/em><em>\/ Fotograf\u00eda: Lourdes Hurtado<\/em><\/p>\n\n\n\n<p class=\"wp-block-paragraph\"><a href=\"http:\/\/lasalud.mx\"><strong>LaSalud.mx<\/strong><\/a><strong> <\/strong><strong>\/ <a href=\"http:\/\/oncologia.mx\" data-type=\"link\" data-id=\"oncologia.mx\">Oncologia.mx<\/a>, S\u00e3o Paulo, Brasil, 10 de abril de 2026 .-<\/strong> Del <strong>2 al 4 de marzo<\/strong> se llev\u00f3 a cabo el <strong>MIND360 Summit 2026<\/strong> en <strong>S\u00e3o Paulo<\/strong>, un encuentro regional impulsado por <strong>Medtronic<\/strong> que reuni\u00f3 a l\u00edderes del sector salud, especialistas cl\u00ednicos y expertos en tecnolog\u00eda m\u00e9dica para analizar <strong>el futuro de la innovaci\u00f3n sanitaria en Am\u00e9rica Latina<\/strong>. En este escenario, <strong>H\u00e9ctor Orellana<\/strong>, vicepresidente para Latinoam\u00e9rica Norte de la compa\u00f1\u00eda, expuso las tendencias que est\u00e1n redefiniendo la pr\u00e1ctica cl\u00ednica en la regi\u00f3n.<\/p>\n\n\n\n<p class=\"wp-block-paragraph\">En <strong>entrevista exclusiva para <a href=\"http:\/\/lasalud.mx\" data-type=\"link\" data-id=\"lasalud.mx\">LaSalud.mx<\/a><\/strong>, el especialista destac\u00f3 que uno de los principales aportes del <strong>MIND360 <\/strong>es la <strong>conversaci\u00f3n estrat\u00e9gica que se genera entre sistemas de salud, industria y profesionales m\u00e9dicos<\/strong> para analizar el ritmo de adopci\u00f3n tecnol\u00f3gica en Am\u00e9rica Latina. Seg\u00fan explic\u00f3, estos espacios permiten comprender <strong>hacia d\u00f3nde se dirige la innovaci\u00f3n m\u00e9dica y qu\u00e9 condiciones son necesarias para acelerar su implementaci\u00f3n real en los pa\u00edses de la regi\u00f3n<\/strong>.<\/p>\n\n\n\n<h2 class=\"wp-block-heading\"><strong>Innovaci\u00f3n m\u00e9dica con impacto cl\u00ednico<\/strong><\/h2>\n\n\n\n<p class=\"wp-block-paragraph\">Para Orellana, el debate sobre innovaci\u00f3n debe centrarse <strong>en resultados cl\u00ednicos tangibles y no solo en narrativa tecnol\u00f3gica<\/strong>. Desde su perspectiva, tres factores est\u00e1n marcando la evoluci\u00f3n de la medicina contempor\u00e1nea: <strong>la digitalizaci\u00f3n de la salud, la medicina personalizada y la miniaturizaci\u00f3n de dispositivos m\u00e9dicos<\/strong>.<\/p>\n\n\n\n<figure class=\"wp-block-embed is-type-video is-provider-youtube wp-block-embed-youtube wp-embed-aspect-16-9 wp-has-aspect-ratio\"><div class=\"wp-block-embed__wrapper\">\n<iframe loading=\"lazy\" title=\"H\u00e9ctor Orellana en MIND 360: capacitaci\u00f3n m\u00e9dica como motor silencioso de la innovaci\u00f3n cl\u00ednica\" width=\"618\" height=\"348\" src=\"https:\/\/www.youtube.com\/embed\/FyNIa02IFok?feature=oembed\" frameborder=\"0\" allow=\"accelerometer; autoplay; clipboard-write; encrypted-media; gyroscope; picture-in-picture; web-share\" referrerpolicy=\"strict-origin-when-cross-origin\" allowfullscreen><\/iframe>\n<\/div><\/figure>\n\n\n\n<p class=\"wp-block-paragraph\">El directivo explic\u00f3 que el avance en <strong>nuevos materiales y tecnolog\u00edas m\u00e1s peque\u00f1as y precisas<\/strong> est\u00e1 permitiendo que los tratamientos sean <strong>menos invasivos, m\u00e1s seguros y cada vez m\u00e1s cercanos al paciente<\/strong>. En este contexto, destac\u00f3 el crecimiento de <strong>la cirug\u00eda m\u00ednimamente invasiva y la cirug\u00eda rob\u00f3tica<\/strong>, herramientas que ampl\u00edan las capacidades del m\u00e9dico para ofrecer mejores resultados.<\/p>\n\n\n\n<h3 class=\"wp-block-heading\"><a href=\"https:\/\/whatsapp.com\/channel\/0029VaBL9vs7YSd02T2Y8h3t\">\u00daNETE A NUESTRO CANAL DE WHATSAPP. LASALUD.MX LA REVISTA DE LA COMUNIDAD M\u00c9DICA. PORQU\u00c9 LA SALUD ES PRIMERO<\/a><\/h3>\n\n\n\n<h2 class=\"wp-block-heading\"><strong>Transferencia de conocimiento en Am\u00e9rica Latina<\/strong><\/h2>\n\n\n\n<p class=\"wp-block-paragraph\">Otro de los puntos centrales abordados durante el encuentro fue la <strong>transferencia de conocimiento entre mercados regionales<\/strong>, particularmente entre pa\u00edses con ecosistemas sanitarios complejos como Brasil y M\u00e9xico.<\/p>\n\n\n\n<p class=\"wp-block-paragraph\">Orellana subray\u00f3 que la <strong>educaci\u00f3n m\u00e9dica continua<\/strong> es uno de los principales catalizadores para acelerar la adopci\u00f3n tecnol\u00f3gica. En ese sentido, destac\u00f3 que <strong>Medtronic entrena a m\u00e1s de 1,800 profesionales de la salud cada a\u00f1o en Latinoam\u00e9rica<\/strong>, particularmente en M\u00e9xico, lo que representa una contribuci\u00f3n relevante para elevar los est\u00e1ndares cl\u00ednicos en hospitales y sistemas de salud.<\/p>\n\n\n\n<h2 class=\"wp-block-heading\"><strong>Regulaci\u00f3n, recursos y acceso<\/strong><\/h2>\n\n\n\n<p class=\"wp-block-paragraph\">A pesar de los avances tecnol\u00f3gicos, el especialista reconoci\u00f3 que <strong>la disponibilidad de innovaci\u00f3n m\u00e9dica en Am\u00e9rica Latina enfrenta retos estructurales<\/strong>. Entre ellos mencion\u00f3 <strong>la armonizaci\u00f3n regulatoria entre pa\u00edses<\/strong> y la <strong>optimizaci\u00f3n del uso de recursos en los sistemas sanitarios<\/strong>.<\/p>\n\n\n\n<p class=\"wp-block-paragraph\">Para Orellana, la adopci\u00f3n tecnol\u00f3gica requiere <strong>ecosistemas de salud coordinados<\/strong>, en los que participen autoridades regulatorias, instituciones m\u00e9dicas, industria y profesionales cl\u00ednicos. La clave \u2014explic\u00f3\u2014 no necesariamente est\u00e1 en contar con m\u00e1s recursos, sino en <strong>utilizarlos de manera m\u00e1s eficiente para ampliar el acceso a tecnolog\u00edas que mejoren la atenci\u00f3n de los pacientes<\/strong>.<\/p>\n\n\n\n<h3 class=\"wp-block-heading\"><a href=\"https:\/\/whatsapp.com\/channel\/0029Va6TK4xB4hdLadBUgV3d\">\u00daNETE A NUESTRO CANAL DE WHATSAPP. ONCOLOGIA.MX LA REVISTA DE LA COMUNIDAD M\u00c9DICA. PORQU\u00c9 LA SALUD ES PRIMERO<\/a><\/h3>\n\n\n\n<h2 class=\"wp-block-heading\"><strong>La medicina del futuro: digital, rob\u00f3tica y colaborativa<\/strong><\/h2>\n\n\n\n<p class=\"wp-block-paragraph\">Las discusiones del MIND360 tambi\u00e9n anticipan una transformaci\u00f3n profunda en la forma en que se entrenan los m\u00e9dicos y se integran las tecnolog\u00edas al proceso cl\u00ednico. Orellana se\u00f1al\u00f3 que <strong>la digitalizaci\u00f3n permitir\u00e1 nuevas modalidades de formaci\u00f3n remota<\/strong>, simulaci\u00f3n m\u00e9dica avanzada y herramientas para entrenamiento a distancia.<\/p>\n\n\n\n<p class=\"wp-block-paragraph\">Asimismo, la <strong>miniaturizaci\u00f3n de dispositivos, la rob\u00f3tica y las plataformas digitales<\/strong> ser\u00e1n factores decisivos en los pr\u00f3ximos cinco a\u00f1os para mejorar diagn\u00f3sticos, tratamientos y resultados cl\u00ednicos.<\/p>\n\n\n\n<p class=\"wp-block-paragraph\">Al concluir, el directivo agradeci\u00f3 la cobertura de <strong><a href=\"http:\/\/lasalud.mx\" data-type=\"link\" data-id=\"lasalud.mx\">LaSalud.mx<\/a><\/strong> y reiter\u00f3 que <strong>Medtronic busca actuar como un facilitador dentro del ecosistema sanitario<\/strong>, colaborando con m\u00e9dicos e instituciones para que <strong>la innovaci\u00f3n tecnol\u00f3gica llegue a m\u00e1s pacientes en Am\u00e9rica Latina<\/strong>.<\/p>\n\n\n\n<blockquote class=\"wp-block-quote is-layout-flow wp-block-quote-is-layout-flow\">\n<p class=\"wp-block-paragraph\">Esta nota, as\u00ed como reportajes, entrevistas exclusivas, videos, podcast y m\u00e1s, los podr\u00e1s encontrar en nuestra pr\u00f3xima edici\u00f3n especial digital de <strong>Temas Selectos en Dispositivos M\u00e9dicos.<\/strong><\/p>\n\n\n\n<p class=\"wp-block-paragraph\"><strong><a href=\"http:\/\/oncologia.mx\" data-type=\"link\" data-id=\"oncologia.mx\">Oncologia.mx<\/a> \/ <\/strong><a href=\"http:\/\/www.lasalud.mx\"><strong>LaSalud.mx<\/strong><\/a> La Revista de la Comunidad M\u00e9dica.<\/p>\n\n\n\n<p class=\"wp-block-paragraph\">Visita algunas de nuestras ediciones especiales en <a href=\"https:\/\/issuu.com\/grupo-mundodehoy\"><strong>https:\/\/issuu.com\/grupo-mundodehoy<\/strong><\/a><\/p>\n<\/blockquote>\n\n\n<div class=\"wp-block-image\">\n<figure class=\"aligncenter size-large\"><img decoding=\"async\" src=\"https:\/\/mundodehoy.com\/wp-content\/uploads\/2026\/02\/WhatsApp-Image-2026-01-16-at-09.06.53-1-808x1024.jpeg\" alt=\"\" class=\"wp-image-85810\"\/><\/figure>\n<\/div>\n\n\n<p class=\"wp-block-paragraph\">D.E.<\/p>\n","protected":false},"excerpt":{"rendered":"<p>Durante su participaci\u00f3n, el especialista enfatiz\u00f3 que la evoluci\u00f3n tecnol\u00f3gica debe ir acompa\u00f1ada de una visi\u00f3n centrada en el paciente Por: Lourdes Hurtado, enviada especial LaSalud.mx \/ Fotograf\u00eda: Lourdes Hurtado LaSalud.mx \/ Oncologia.mx, S\u00e3o Paulo, Brasil, 10 de abril de 2026 .- Del 2 al 4 de marzo se llev\u00f3 a cabo el MIND360 Summit &hellip;<\/p>\n","protected":false},"author":2,"featured_media":37,"comment_status":"open","ping_status":"open","sticky":false,"template":"","format":"standard","meta":{"footnotes":""},"categories":[15,2,3,16,17,7],"tags":[20,18,49,48,21],"class_list":["post-36","post","type-post","status-publish","format-standard","has-post-thumbnail","","category-equipos","category-especiales","category-eventos","category-ia","category-industria","category-oncologia","tag-hectororellana","tag-medtronic","tag-mind360","tag-mind360summit2026","tag-portada"],"_links":{"self":[{"href":"https:\/\/lasalud.lat\/index.php?rest_route=\/wp\/v2\/posts\/36","targetHints":{"allow":["GET"]}}],"collection":[{"href":"https:\/\/lasalud.lat\/index.php?rest_route=\/wp\/v2\/posts"}],"about":[{"href":"https:\/\/lasalud.lat\/index.php?rest_route=\/wp\/v2\/types\/post"}],"author":[{"embeddable":true,"href":"https:\/\/lasalud.lat\/index.php?rest_route=\/wp\/v2\/users\/2"}],"replies":[{"embeddable":true,"href":"https:\/\/lasalud.lat\/index.php?rest_route=%2Fwp%2Fv2%2Fcomments&post=36"}],"version-history":[{"count":2,"href":"https:\/\/lasalud.lat\/index.php?rest_route=\/wp\/v2\/posts\/36\/revisions"}],"predecessor-version":[{"id":39,"href":"https:\/\/lasalud.lat\/index.php?rest_route=\/wp\/v2\/posts\/36\/revisions\/39"}],"wp:featuredmedia":[{"embeddable":true,"href":"https:\/\/lasalud.lat\/index.php?rest_route=\/wp\/v2\/media\/37"}],"wp:attachment":[{"href":"https:\/\/lasalud.lat\/index.php?rest_route=%2Fwp%2Fv2%2Fmedia&parent=36"}],"wp:term":[{"taxonomy":"category","embeddable":true,"href":"https:\/\/lasalud.lat\/index.php?rest_route=%2Fwp%2Fv2%2Fcategories&post=36"},{"taxonomy":"post_tag","embeddable":true,"href":"https:\/\/lasalud.lat\/index.php?rest_route=%2Fwp%2Fv2%2Ftags&post=36"}],"curies":[{"name":"wp","href":"https:\/\/api.w.org\/{rel}","templated":true}]}}