{"id":30,"date":"2026-04-11T01:42:30","date_gmt":"2026-04-11T01:42:30","guid":{"rendered":"https:\/\/lasalud.lat\/?p=30"},"modified":"2026-04-17T18:58:12","modified_gmt":"2026-04-18T00:58:12","slug":"mind360-summit-2026-innovacion-que-redefine-la-salud-en-america-latina","status":"publish","type":"post","link":"https:\/\/lasalud.lat\/?p=30","title":{"rendered":"Mind360 Summit 2026: innovaci\u00f3n que redefine la salud en Am\u00e9rica Latina"},"content":{"rendered":"\n<p class=\"wp-block-paragraph\"><strong>El encuentro regional impulsado por Medtronic conect\u00f3 avances tecnol\u00f3gicos con su aplicaci\u00f3n cl\u00ednica, promoviendo modelos de atenci\u00f3n m\u00e1s eficientes, colaborativos y centrados en el paciente en Am\u00e9rica Latina<\/strong><\/p>\n\n\n\n<p class=\"wp-block-paragraph\"><em>Por: Lourdes Hurtado<br>Enviada especial <a href=\"http:\/\/lasalud.mx\" data-type=\"link\" data-id=\"lasalud.mx\">LaSalud.mx<\/a><\/em><\/p>\n\n\n\n<p class=\"wp-block-paragraph\"><strong><a href=\"http:\/\/lasalud.mx\" data-type=\"link\" data-id=\"lasalud.mx\">LaSalud.mx<\/a> \/ LaSalud.lat, S\u00e3o Paulo, Brasil, 10 de abril de 2026 .-<\/strong> El lunes 2 de marzo inicio la <strong>segunda edici\u00f3n de Mind360 Summit 2026<\/strong>, el encuentro regional impulsado por Medtronic que re\u00fane a l\u00edderes del ecosistema sanitario de Am\u00e9rica Latina en torno a innovaci\u00f3n m\u00e9dica, educaci\u00f3n continua y tecnolog\u00eda aplicada a la salud.<\/p>\n\n\n\n<p class=\"wp-block-paragraph\">El evento se realiz\u00f3 del <strong>2 al 4 de marzo en el WTC Events Center de S\u00e3o Paulo<\/strong>, consolid\u00e1ndose como una plataforma de intercambio entre <strong>especialistas cl\u00ednicos, l\u00edderes de opini\u00f3n, directivos hospitalarios e industria medtech<\/strong>.<\/p>\n\n\n<div class=\"wp-block-image\">\n<figure class=\"aligncenter size-large\"><img decoding=\"async\" src=\"https:\/\/mundodehoy.com\/wp-content\/uploads\/2026\/03\/WhatsApp-Image-2026-03-02-at-07.09.19-1024x576.jpeg\" alt=\"\" class=\"wp-image-85872\"\/><\/figure>\n<\/div>\n\n\n<p class=\"wp-block-paragraph\"><strong>Mind360<\/strong> busc\u00f3 conectar conocimiento, experiencias y avances tecnol\u00f3gicos que impactan directamente en los <strong>resultados cl\u00ednicos y en la evoluci\u00f3n de los sistemas de salud en la regi\u00f3n<\/strong>, con foco en \u00e1reas como terapias avanzadas, innovaci\u00f3n quir\u00fargica y transformaci\u00f3n digital en medicina.<\/p>\n\n\n\n<h3 class=\"wp-block-heading\"><a href=\"https:\/\/whatsapp.com\/channel\/0029VaBL9vs7YSd02T2Y8h3t\">\u00daNETE A NUESTRO CANAL DE WHATSAPP. LASALUD.MX LA REVISTA DE LA COMUNIDAD M\u00c9DICA. PORQU\u00c9 LA SALUD ES PRIMERO<\/a><\/h3>\n\n\n\n<p class=\"wp-block-paragraph\">Como parte de su cobertura internacional, <strong><a href=\"http:\/\/lasalud.mx\" data-type=\"link\" data-id=\"lasalud.mx\">LaSalud.mx<\/a><\/strong> particip\u00f3 con presencia editorial directa a trav\u00e9s de su <strong>enviada especial, la periodista Lourdes Hurtado<\/strong>, quien realiz\u00f3 entrevistas y reportes exclusivos con l\u00edderes de la industria y expertos m\u00e9dicos asistentes al encuentro.<\/p>\n\n\n\n<p class=\"wp-block-paragraph\">Con esta cobertura, <strong><a href=\"http:\/\/lasalud.mx\" data-type=\"link\" data-id=\"lasalud.mx\">LaSalud.mx<\/a> reafirm\u00f3 su compromiso de acercar a la comunidad m\u00e9dica de habla hispana los principales foros donde se define el futuro de la innovaci\u00f3n en salud.<\/strong><\/p>\n\n\n\n<blockquote class=\"wp-block-quote is-layout-flow wp-block-quote-is-layout-flow\">\n<p class=\"wp-block-paragraph\">Esta nota, as\u00ed como reportajes, entrevistas exclusivas, videos, podcast y m\u00e1s, los podr\u00e1s encontrar en nuestra pr\u00f3xima edici\u00f3n especial digital de <strong>Temas Selectos en Dispositivos M\u00e9dicos.<\/strong><\/p>\n\n\n\n<p class=\"wp-block-paragraph\"><strong>LaSalud.lat \/<\/strong> <a href=\"http:\/\/www.lasalud.mx\"><strong>LaSalud.mx<\/strong><\/a> La Revista de la Comunidad M\u00e9dica.<\/p>\n\n\n\n<p class=\"wp-block-paragraph\">Visita algunas de nuestras ediciones especiales en <a href=\"https:\/\/issuu.com\/grupo-mundodehoy\"><strong>https:\/\/issuu.com\/grupo-mundodehoy<\/strong><\/a><\/p>\n<\/blockquote>\n\n\n<div class=\"wp-block-image\">\n<figure class=\"aligncenter size-large\"><img decoding=\"async\" src=\"https:\/\/mundodehoy.com\/wp-content\/uploads\/2026\/02\/WhatsApp-Image-2026-01-16-at-09.06.53-1-808x1024.jpeg\" alt=\"\" class=\"wp-image-85810\"\/><\/figure>\n<\/div>\n\n\n<p class=\"wp-block-paragraph\">D.E.<\/p>\n","protected":false},"excerpt":{"rendered":"<p>El encuentro regional impulsado por Medtronic conect\u00f3 avances tecnol\u00f3gicos con su aplicaci\u00f3n cl\u00ednica, promoviendo modelos de atenci\u00f3n m\u00e1s eficientes, colaborativos y centrados en el paciente en Am\u00e9rica Latina Por: Lourdes HurtadoEnviada especial LaSalud.mx LaSalud.mx \/ LaSalud.lat, S\u00e3o Paulo, Brasil, 10 de abril de 2026 .- El lunes 2 de marzo inicio la segunda edici\u00f3n de &hellip;<\/p>\n","protected":false},"author":2,"featured_media":31,"comment_status":"open","ping_status":"open","sticky":false,"template":"","format":"standard","meta":{"footnotes":""},"categories":[15,2,3,16,17],"tags":[46,47,49,48,21,50],"class_list":["post-30","post","type-post","status-publish","format-standard","has-post-thumbnail","","category-equipos","category-especiales","category-eventos","category-ia","category-industria","tag-brasil","tag-lourdeshurtado","tag-mind360","tag-mind360summit2026","tag-portada","tag-saopaulo"],"_links":{"self":[{"href":"https:\/\/lasalud.lat\/index.php?rest_route=\/wp\/v2\/posts\/30","targetHints":{"allow":["GET"]}}],"collection":[{"href":"https:\/\/lasalud.lat\/index.php?rest_route=\/wp\/v2\/posts"}],"about":[{"href":"https:\/\/lasalud.lat\/index.php?rest_route=\/wp\/v2\/types\/post"}],"author":[{"embeddable":true,"href":"https:\/\/lasalud.lat\/index.php?rest_route=\/wp\/v2\/users\/2"}],"replies":[{"embeddable":true,"href":"https:\/\/lasalud.lat\/index.php?rest_route=%2Fwp%2Fv2%2Fcomments&post=30"}],"version-history":[{"count":3,"href":"https:\/\/lasalud.lat\/index.php?rest_route=\/wp\/v2\/posts\/30\/revisions"}],"predecessor-version":[{"id":34,"href":"https:\/\/lasalud.lat\/index.php?rest_route=\/wp\/v2\/posts\/30\/revisions\/34"}],"wp:featuredmedia":[{"embeddable":true,"href":"https:\/\/lasalud.lat\/index.php?rest_route=\/wp\/v2\/media\/31"}],"wp:attachment":[{"href":"https:\/\/lasalud.lat\/index.php?rest_route=%2Fwp%2Fv2%2Fmedia&parent=30"}],"wp:term":[{"taxonomy":"category","embeddable":true,"href":"https:\/\/lasalud.lat\/index.php?rest_route=%2Fwp%2Fv2%2Fcategories&post=30"},{"taxonomy":"post_tag","embeddable":true,"href":"https:\/\/lasalud.lat\/index.php?rest_route=%2Fwp%2Fv2%2Ftags&post=30"}],"curies":[{"name":"wp","href":"https:\/\/api.w.org\/{rel}","templated":true}]}}