{"id":27,"date":"2026-04-11T01:19:54","date_gmt":"2026-04-11T01:19:54","guid":{"rendered":"https:\/\/lasalud.lat\/?p=27"},"modified":"2026-04-11T01:19:55","modified_gmt":"2026-04-11T01:19:55","slug":"slago-2026-nuevos-esquemas-cambian-el-tratamiento-del-cancer-de-recto","status":"publish","type":"post","link":"https:\/\/lasalud.lat\/?p=27","title":{"rendered":"SLAGO 2026: nuevos esquemas cambian el tratamiento del c\u00e1ncer de recto"},"content":{"rendered":"\n<p class=\"wp-block-paragraph\"><strong>El Dr. Germ\u00e1n Calderillo expone la transici\u00f3n hacia modelos multidisciplinarios que integran quimioterapia, radioterapia e inmunoterapia<\/strong><\/p>\n\n\n\n<p class=\"wp-block-paragraph\"><em>Por: Carlos Henze<\/em><\/p>\n\n\n\n<p class=\"wp-block-paragraph\"><a href=\"http:\/\/lasalud.mx\"><strong>LaSalud.mx<\/strong><\/a><strong> <\/strong><strong>\/ <\/strong><a href=\"http:\/\/oncologia.mx\"><strong>Oncologia.mx<\/strong><\/a><strong> \/ LaSalud.lat,<\/strong><strong> Ciudad de M\u00e9xico, 10 de abril de 2026 .-<\/strong> Con el objetivo de fortalecer la actualizaci\u00f3n cient\u00edfica y el intercambio de conocimiento en oncolog\u00eda gastrointestinal desde una perspectiva regional, el <strong>Simposio Latinoamericano de Gastroenterolog\u00eda Oncol\u00f3gica 2026 (SLAGO)<\/strong> se llevar\u00e1 a cabo del 22 al 24 de abril en <strong>Santiago de Chile<\/strong>, consolid\u00e1ndose como uno de los principales foros acad\u00e9micos para especialistas de Am\u00e9rica Latina interesados en los avances cl\u00ednicos, terap\u00e9uticos y epidemiol\u00f3gicos del c\u00e1ncer digestivo.<\/p>\n\n\n\n<p class=\"wp-block-paragraph\">En <strong>entrevista exclusiva para <\/strong><a href=\"http:\/\/lasalud.mx\"><strong>LaSalud.mx<\/strong><\/a><strong> <\/strong><strong>\/ <\/strong><a href=\"http:\/\/oncologia.mx\"><strong>Oncologia.mx<\/strong><\/a>, el <strong>Dr. Germ\u00e1n Calderillo Ruiz<\/strong>, coordinador de la Unidad Funcional de Gastro-Oncolog\u00eda en el <strong>Instituto Nacional de Cancerolog\u00eda<\/strong>, explic\u00f3 que su participaci\u00f3n en el congreso estar\u00e1 centrada en el abordaje contempor\u00e1neo del c\u00e1ncer de recto, destacando la evoluci\u00f3n del tratamiento hacia esquemas multidisciplinarios. El especialista se\u00f1al\u00f3 que la incorporaci\u00f3n del <strong>tratamiento adyuvante total<\/strong>, que combina radioterapia y quimioterapia, ha permitido incrementar la respuesta tumoral, facilitar la resecci\u00f3n completa e incluso evitar la cirug\u00eda en un porcentaje significativo de pacientes.<\/p>\n\n\n\n<h2 class=\"wp-block-heading\"><strong>C\u00e1ncer de Recto: avances terap\u00e9uticos y calidad de vida<\/strong><\/h2>\n\n\n\n<p class=\"wp-block-paragraph\">El Dr. Germ\u00e1n Calderillo subray\u00f3 que uno de los avances m\u00e1s relevantes en los \u00faltimos a\u00f1os ha sido la posibilidad de que entre un <strong>15% y 20% de los pacientes<\/strong> con c\u00e1ncer de recto puedan prescindir de cirug\u00eda tras una respuesta completa al tratamiento, lo que impacta directamente en su calidad de vida.<\/p>\n\n\n\n<figure class=\"wp-block-embed aligncenter is-type-video is-provider-youtube wp-block-embed-youtube wp-embed-aspect-16-9 wp-has-aspect-ratio\"><div class=\"wp-block-embed__wrapper\">\n<iframe loading=\"lazy\" title=\"El Dr. Germ\u00e1n Calderillo expone en SLAGO 2026 los retos del C\u00e1ncer de Recto en poblaci\u00f3n joven\" width=\"618\" height=\"348\" src=\"https:\/\/www.youtube.com\/embed\/hFexzng-O6w?feature=oembed\" frameborder=\"0\" allow=\"accelerometer; autoplay; clipboard-write; encrypted-media; gyroscope; picture-in-picture; web-share\" referrerpolicy=\"strict-origin-when-cross-origin\" allowfullscreen><\/iframe>\n<\/div><\/figure>\n\n\n\n<p class=\"wp-block-paragraph\">En este sentido, destac\u00f3 que el objetivo ya no es \u00fanicamente prolongar la supervivencia, sino lograr que los pacientes puedan mantener una vida funcional, evitando intervenciones que impliquen secuelas como la colostom\u00eda. Asimismo, enfatiz\u00f3 que la incorporaci\u00f3n de <strong>inmunoterapia y terapias dirigidas<\/strong> contin\u00faan ampliando las opciones terap\u00e9uticas.<\/p>\n\n\n\n<h2 class=\"wp-block-heading\"><strong>Un problema creciente en poblaci\u00f3n joven<\/strong><\/h2>\n\n\n\n<p class=\"wp-block-paragraph\">El especialista advirti\u00f3 sobre una tendencia preocupante: el aumento de casos de c\u00e1ncer de recto en poblaci\u00f3n joven. Actualmente, explic\u00f3, la mediana de edad en M\u00e9xico ha descendido a <strong>56 a\u00f1os<\/strong>, y entre un <strong>30% y 35% de los casos<\/strong> se presentan en menores de 50 a\u00f1os.<\/p>\n\n\n\n<p class=\"wp-block-paragraph\">Adem\u00e1s, se\u00f1al\u00f3 que una proporci\u00f3n importante de los tumores se localizan en el recto, espec\u00edficamente en los \u00faltimos 15 cent\u00edmetros del intestino grueso, donde se concentra cerca del <strong>50% de los casos<\/strong>.<\/p>\n\n\n\n<p class=\"wp-block-paragraph\">Este cambio epidemiol\u00f3gico plantea nuevos retos diagn\u00f3sticos, ya que los s\u00edntomas iniciales \u2014como estre\u00f1imiento o sangrado\u2014 suelen subestimarse, especialmente en pacientes j\u00f3venes, lo que retrasa la detecci\u00f3n oportuna.<\/p>\n\n\n\n<h2 class=\"wp-block-heading\"><strong>Diagn\u00f3stico tard\u00edo: una barrera cultural en Am\u00e9rica Latina<\/strong><\/h2>\n\n\n\n<p class=\"wp-block-paragraph\">Uno de los principales desaf\u00edos, de acuerdo con el Dr. Calderillo Ruiz, es el retraso en el diagn\u00f3stico, particularmente en la poblaci\u00f3n latinoamericana, donde existe una baja cultura de prevenci\u00f3n.<\/p>\n\n\n\n<p class=\"wp-block-paragraph\">A diferencia de otras regiones, explic\u00f3, en Am\u00e9rica Latina predomina la atenci\u00f3n m\u00e9dica reactiva, es decir, acudir al m\u00e9dico \u00fanicamente cuando aparecen s\u00edntomas, en lugar de realizar estudios de detecci\u00f3n temprana.<\/p>\n\n\n\n<p class=\"wp-block-paragraph\">Entre las herramientas recomendadas se encuentra la <strong>prueba de sangre oculta en heces<\/strong>, que debe realizarse en poblaci\u00f3n asintom\u00e1tica a partir de los 50 a\u00f1os, seguida de colonoscop\u00eda en caso de resultados positivos. Sin embargo, su adopci\u00f3n sigue siendo limitada.<\/p>\n\n\n\n<h2 class=\"wp-block-heading\"><strong>SLAGO 2026: colaboraci\u00f3n, investigaci\u00f3n y actualizaci\u00f3n regional<\/strong><\/h2>\n\n\n\n<p class=\"wp-block-paragraph\">El Dr. Calderillo destac\u00f3 que SLAGO representa un espacio clave para el <strong>intercambio de experiencias cl\u00ednicas, la actualizaci\u00f3n cient\u00edfica y la generaci\u00f3n de colaboraciones internacionales<\/strong> entre especialistas de Am\u00e9rica Latina.<\/p>\n\n\n\n<p class=\"wp-block-paragraph\">El simposio permitir\u00e1 revisar los avances m\u00e1s recientes en oncolog\u00eda gastrointestinal, as\u00ed como fomentar la participaci\u00f3n en protocolos de investigaci\u00f3n y publicaciones conjuntas, fortaleciendo la evidencia cient\u00edfica adaptada a las caracter\u00edsticas de la regi\u00f3n.<\/p>\n\n\n\n<p class=\"wp-block-paragraph\">Finalmente, el especialista extendi\u00f3 una invitaci\u00f3n a la comunidad m\u00e9dica a participar en este encuentro, subrayando que se trata de una oportunidad para <strong>actualizar conocimientos, compartir experiencias y mejorar la atenci\u00f3n de los pacientes con c\u00e1ncer gastrointestinal en Am\u00e9rica Latina<\/strong>.<\/p>\n\n\n\n<blockquote class=\"wp-block-quote is-layout-flow wp-block-quote-is-layout-flow\">\n<p class=\"wp-block-paragraph\">Esta nota, as\u00ed como reportajes, entrevistas exclusivas, videos, podcast y m\u00e1s, los podr\u00e1s encontrar en nuestra pr\u00f3xima edici\u00f3n especial digital de <strong>Temas Selectos en Oncolog\u00eda 2026.<\/strong><\/p>\n\n\n\n<p class=\"wp-block-paragraph\"><a href=\"http:\/\/oncologia.mx\"><strong>Oncologia.mx<\/strong><\/a><strong> <\/strong><strong>\/ <\/strong><a href=\"http:\/\/lasalud.mx\"><strong>LaSalud.mx<\/strong><\/a> La Revista de la Comunidad M\u00e9dica.<\/p>\n\n\n\n<p class=\"wp-block-paragraph\">Visita algunas de nuestras ediciones especiales en <a href=\"https:\/\/issuu.com\/grupo-mundodehoy\"><strong>https:\/\/issuu.com\/grupo-mundodehoy<\/strong><\/a><\/p>\n<\/blockquote>\n\n\n<div class=\"wp-block-image\">\n<figure class=\"aligncenter size-full\"><img decoding=\"async\" src=\"https:\/\/mundodehoy.com\/wp-content\/uploads\/2026\/02\/edicion-febrero-oncologia-1.jpg\" alt=\"\" class=\"wp-image-85811\"\/><\/figure>\n<\/div>\n\n\n<p class=\"wp-block-paragraph\">D.E.<\/p>\n","protected":false},"excerpt":{"rendered":"<p>El Dr. Germ\u00e1n Calderillo expone la transici\u00f3n hacia modelos multidisciplinarios que integran quimioterapia, radioterapia e inmunoterapia Por: Carlos Henze LaSalud.mx \/ Oncologia.mx \/ LaSalud.lat, Ciudad de M\u00e9xico, 10 de abril de 2026 .- Con el objetivo de fortalecer la actualizaci\u00f3n cient\u00edfica y el intercambio de conocimiento en oncolog\u00eda gastrointestinal desde una perspectiva regional, el Simposio &hellip;<\/p>\n","protected":false},"author":2,"featured_media":28,"comment_status":"open","ping_status":"open","sticky":false,"template":"","format":"standard","meta":{"footnotes":""},"categories":[10,7],"tags":[40,38,39,41,43,42,44,21,36,37,45],"class_list":["post-27","post","type-post","status-publish","format-standard","has-post-thumbnail","","category-gastro","category-oncologia","tag-cancer","tag-cancerderecto","tag-cancerrectal","tag-gastro-oncologia","tag-germancalderilloruiz","tag-incan","tag-institutonacionaldecancerologia","tag-portada","tag-simposiolatinoamericanodegastroenterologiaoncologica","tag-slago","tag-slago2026"],"_links":{"self":[{"href":"https:\/\/lasalud.lat\/index.php?rest_route=\/wp\/v2\/posts\/27","targetHints":{"allow":["GET"]}}],"collection":[{"href":"https:\/\/lasalud.lat\/index.php?rest_route=\/wp\/v2\/posts"}],"about":[{"href":"https:\/\/lasalud.lat\/index.php?rest_route=\/wp\/v2\/types\/post"}],"author":[{"embeddable":true,"href":"https:\/\/lasalud.lat\/index.php?rest_route=\/wp\/v2\/users\/2"}],"replies":[{"embeddable":true,"href":"https:\/\/lasalud.lat\/index.php?rest_route=%2Fwp%2Fv2%2Fcomments&post=27"}],"version-history":[{"count":1,"href":"https:\/\/lasalud.lat\/index.php?rest_route=\/wp\/v2\/posts\/27\/revisions"}],"predecessor-version":[{"id":29,"href":"https:\/\/lasalud.lat\/index.php?rest_route=\/wp\/v2\/posts\/27\/revisions\/29"}],"wp:featuredmedia":[{"embeddable":true,"href":"https:\/\/lasalud.lat\/index.php?rest_route=\/wp\/v2\/media\/28"}],"wp:attachment":[{"href":"https:\/\/lasalud.lat\/index.php?rest_route=%2Fwp%2Fv2%2Fmedia&parent=27"}],"wp:term":[{"taxonomy":"category","embeddable":true,"href":"https:\/\/lasalud.lat\/index.php?rest_route=%2Fwp%2Fv2%2Fcategories&post=27"},{"taxonomy":"post_tag","embeddable":true,"href":"https:\/\/lasalud.lat\/index.php?rest_route=%2Fwp%2Fv2%2Ftags&post=27"}],"curies":[{"name":"wp","href":"https:\/\/api.w.org\/{rel}","templated":true}]}}