{"id":219,"date":"2026-04-16T15:05:29","date_gmt":"2026-04-16T21:05:29","guid":{"rendered":"https:\/\/lasalud.lat\/?p=219"},"modified":"2026-04-16T15:49:40","modified_gmt":"2026-04-16T21:49:40","slug":"america-latina-africa-y-asia-epicentro-de-un-melanoma-poco-estudiado","status":"publish","type":"post","link":"https:\/\/lasalud.lat\/?p=219","title":{"rendered":"Am\u00e9rica Latina, \u00c1frica y Asia: epicentro de un melanoma poco estudiado"},"content":{"rendered":"\n<p class=\"wp-block-paragraph\"><strong>Aunque es m\u00e1s frecuente en estas regiones, el melanoma acral sigue siendo investigado<\/strong><\/p>\n\n\n\n<p class=\"wp-block-paragraph\"><em>Por: Redacci\u00f3n<\/em><\/p>\n\n\n\n<p class=\"wp-block-paragraph\"><strong><a href=\"http:\/\/lasalud.mx\" data-type=\"link\" data-id=\"lasalud.mx\">LaSalud.mx<\/a> \/ <a href=\"http:\/\/oncologia.mx\" data-type=\"link\" data-id=\"oncologia.mx\">Oncologia.mx<\/a> \/ LaSalud.lat, Ciudad de M\u00e9xico, 16 de abril de 2026 .-<\/strong> El melanoma, reconocido como el c\u00e1ncer de piel m\u00e1s agresivo, no siempre est\u00e1 asociado a la exposici\u00f3n solar. En diversas regiones de \u00c1frica, Asia y Am\u00e9rica Latina, el subtipo m\u00e1s frecuente es el <strong>melanoma acral<\/strong>, una variante que se presenta en la <strong>palma de las manos, la planta de los pies y debajo de las u\u00f1as<\/strong>, y cuya etiolog\u00eda no est\u00e1 vinculada a la radiaci\u00f3n ultravioleta.<\/p>\n\n\n\n<p class=\"wp-block-paragraph\">A pesar de su relevancia en estas regiones, este tipo de melanoma ha sido hist\u00f3ricamente poco investigado, en gran parte debido a su baja incidencia en poblaciones de origen europeo, donde se concentra la mayor parte de la investigaci\u00f3n cient\u00edfica.<\/p>\n\n\n\n<h2 class=\"wp-block-heading\"><strong>Un estudio que aporta evidencia desde M\u00e9xico<\/strong><\/h2>\n\n\n\n<p class=\"wp-block-paragraph\">Un estudio liderado por la <strong>Universidad Nacional Aut\u00f3noma de M\u00e9xico (UNAM)<\/strong>, con la colaboraci\u00f3n del <strong>Centro Nacional de Investigaciones Oncol\u00f3gicas (CNIO)<\/strong>, y publicado en la revista <em>Nature<\/em>, analiza por primera vez la <strong>gen\u00e9tica del melanoma acral en poblaci\u00f3n mexicana<\/strong>, aportando informaci\u00f3n relevante para comprender mejor su comportamiento y posibles estrategias terap\u00e9uticas.<\/p>\n\n\n\n<p class=\"wp-block-paragraph\">La investigaci\u00f3n fue encabezada por la cient\u00edfica <strong>Carla Daniela Robles-Espinoza<\/strong>, quien subraya que las poblaciones latinoamericanas se encuentran <strong>subrepresentadas en la investigaci\u00f3n gen\u00f3mica del c\u00e1ncer<\/strong>, lo que limita el desarrollo de tratamientos adaptados a estas poblaciones.<\/p>\n\n\n\n<h2 class=\"wp-block-heading\"><strong>Brechas en los repositorios gen\u00f3micos internacionales<\/strong><\/h2>\n\n\n\n<p class=\"wp-block-paragraph\">Uno de los hallazgos m\u00e1s relevantes del estudio es la escasa representaci\u00f3n de poblaciones latinoamericanas en bases de datos globales. Se estima que <strong>solo el 1% de las muestras disponibles corresponde a personas de origen latinoamericano<\/strong>, lo que restringe la capacidad de comprender la diversidad gen\u00e9tica del c\u00e1ncer.<\/p>\n\n\n\n<p class=\"wp-block-paragraph\">Adem\u00e1s, investigaciones previas citadas por Robles-Espinoza indican que <strong>m\u00e1s del 80% de las muestras en el proyecto The Cancer Genome Atlas corresponden a ascendencia europea<\/strong>, mientras que iniciativas como el <em>Pan-Cancer Analysis of Whole Genomes<\/em> incluyen apenas un 5% de muestras de ascendencia africana.<\/p>\n\n\n\n<p class=\"wp-block-paragraph\">Asimismo, cerca del <strong>70% de las l\u00edneas celulares utilizadas en investigaci\u00f3n oncol\u00f3gica provienen de poblaciones europeas<\/strong>, lo que refuerza la desigualdad en la generaci\u00f3n de conocimiento cient\u00edfico.<\/p>\n\n\n<div class=\"wp-block-image\">\n<figure class=\"aligncenter size-full\"><img loading=\"lazy\" decoding=\"async\" width=\"752\" height=\"501\" src=\"https:\/\/lasalud.lat\/wp-content\/uploads\/2026\/04\/Carla-Daniela-Robles-Espinoza.jpg\" alt=\"\" class=\"wp-image-222\" srcset=\"https:\/\/lasalud.lat\/wp-content\/uploads\/2026\/04\/Carla-Daniela-Robles-Espinoza.jpg 752w, https:\/\/lasalud.lat\/wp-content\/uploads\/2026\/04\/Carla-Daniela-Robles-Espinoza-300x200.jpg 300w\" sizes=\"auto, (max-width: 752px) 100vw, 752px\" \/><figcaption class=\"wp-element-caption\">Cr\u00e9ditos: Carla Daniela Robles-Espinoza<\/figcaption><\/figure>\n<\/div>\n\n\n<h2 class=\"wp-block-heading\"><strong>Diversidad gen\u00e9tica y desarrollo del c\u00e1ncer<\/strong><\/h2>\n\n\n\n<p class=\"wp-block-paragraph\">De acuerdo con Carla Daniela Robles-Espinoza, comprender el c\u00e1ncer requiere considerar tanto los factores gen\u00e9ticos como los ambientales, los cuales var\u00edan seg\u00fan la regi\u00f3n geogr\u00e1fica y la ascendencia de las poblaciones.<\/p>\n\n\n\n<p class=\"wp-block-paragraph\">En su planteamiento, se\u00f1ala que estudiar pacientes de diferentes or\u00edgenes es fundamental para avanzar en el conocimiento del c\u00e1ncer, ya que las mutaciones y exposiciones ambientales no son homog\u00e9neas a nivel global.<\/p>\n\n\n\n<p class=\"wp-block-paragraph\">Este enfoque permite entender mejor c\u00f3mo se origina y evoluciona la enfermedad, as\u00ed como dise\u00f1ar estrategias terap\u00e9uticas m\u00e1s precisas.<\/p>\n\n\n\n<h2 class=\"wp-block-heading\"><strong>Hallazgos gen\u00e9ticos en melanoma acral<\/strong><\/h2>\n\n\n\n<p class=\"wp-block-paragraph\">El an\u00e1lisis incluy\u00f3 muestras de <strong>casi un centenar de pacientes mexicanos<\/strong>, en las que se identificaron genes frecuentemente mutados y regiones del genoma con alteraciones espec\u00edficas.<\/p>\n\n\n\n<p class=\"wp-block-paragraph\">Los resultados sugieren que el melanoma acral puede originarse en distintos tipos de melanocitos, lo que se traduce en <strong>variaciones en las alteraciones gen\u00e9ticas seg\u00fan el origen celular del tumor<\/strong>.<\/p>\n\n\n\n<p class=\"wp-block-paragraph\">Un hallazgo relevante fue que los pacientes con ascendencia europea presentaban con mayor frecuencia mutaciones en el gen <strong>BRAF<\/strong>, lo cual tiene implicaciones terap\u00e9uticas, ya que existen tratamientos dirigidos a este gen.<\/p>\n\n\n\n<p class=\"wp-block-paragraph\">En contraste, otros pacientes presentan mutaciones distintas, lo que implica que <strong>no todos se benefician de las mismas terapias<\/strong>, y que es necesario desarrollar estrategias diferenciadas.<\/p>\n\n\n\n<h2 class=\"wp-block-heading\"><strong>Firmas mutacionales y ausencia de exposici\u00f3n solar<\/strong><\/h2>\n\n\n\n<p class=\"wp-block-paragraph\">El estudio cont\u00f3 con la participaci\u00f3n del <strong>Grupo de Gen\u00f3mica Digital del CNIO<\/strong>, dirigido por <strong>Marcos D\u00edaz Gay<\/strong>, quien explic\u00f3 que cada agente carcinog\u00e9nico deja una \u201cfirma\u201d espec\u00edfica en el ADN tumoral.<\/p>\n\n\n\n<p class=\"wp-block-paragraph\">En este caso, el an\u00e1lisis de las muestras confirm\u00f3 que el melanoma acral <strong>no presenta huellas gen\u00f3micas asociadas a la exposici\u00f3n solar<\/strong>, a diferencia de otros tipos de melanoma cut\u00e1neo.<\/p>\n\n\n\n<p class=\"wp-block-paragraph\">Este hallazgo refuerza la diferenciaci\u00f3n biol\u00f3gica de este subtipo y subraya la necesidad de abordajes espec\u00edficos en su estudio y tratamiento.<\/p>\n\n\n<div class=\"wp-block-image\">\n<figure class=\"aligncenter size-large\"><img loading=\"lazy\" decoding=\"async\" width=\"1024\" height=\"768\" src=\"https:\/\/lasalud.lat\/wp-content\/uploads\/2026\/04\/Pilar-Gallego-Marcos-Diaz-Gay-1024x768.jpg\" alt=\"\" class=\"wp-image-221\" srcset=\"https:\/\/lasalud.lat\/wp-content\/uploads\/2026\/04\/Pilar-Gallego-Marcos-Diaz-Gay-1024x768.jpg 1024w, https:\/\/lasalud.lat\/wp-content\/uploads\/2026\/04\/Pilar-Gallego-Marcos-Diaz-Gay-300x225.jpg 300w, https:\/\/lasalud.lat\/wp-content\/uploads\/2026\/04\/Pilar-Gallego-Marcos-Diaz-Gay-768x576.jpg 768w, https:\/\/lasalud.lat\/wp-content\/uploads\/2026\/04\/Pilar-Gallego-Marcos-Diaz-Gay.jpg 1133w\" sizes=\"auto, (max-width: 1024px) 100vw, 1024px\" \/><figcaption class=\"wp-element-caption\">Cr\u00e9ditos: Esther S\u00e1nchez. CNIO<\/figcaption><\/figure>\n<\/div>\n\n\n<h2 class=\"wp-block-heading\"><strong>Limitaciones en la investigaci\u00f3n oncol\u00f3gica global<\/strong><\/h2>\n\n\n\n<p class=\"wp-block-paragraph\">Marcos D\u00edaz, jefe del grupo en el CNIO, destac\u00f3 que la investigaci\u00f3n del c\u00e1ncer ha estado hist\u00f3ricamente limitada por la falta de diversidad en las poblaciones estudiadas.<\/p>\n\n\n\n<p class=\"wp-block-paragraph\">En su an\u00e1lisis, esta situaci\u00f3n dificulta tanto el diagn\u00f3stico como el desarrollo de tratamientos eficaces para poblaciones no europeas, lo que plantea un desaf\u00edo en t\u00e9rminos de equidad en salud.<\/p>\n\n\n\n<h2 class=\"wp-block-heading\"><strong>Un llamado a diversificar la investigaci\u00f3n cient\u00edfica<\/strong><\/h2>\n\n\n\n<p class=\"wp-block-paragraph\">El estudio pone de relieve la necesidad de ampliar la representaci\u00f3n de distintas poblaciones en la investigaci\u00f3n gen\u00f3mica, con el fin de mejorar la comprensi\u00f3n del c\u00e1ncer y optimizar las estrategias terap\u00e9uticas.<\/p>\n\n\n\n<p class=\"wp-block-paragraph\">En este contexto, se destaca que <strong>la diversidad gen\u00e9tica es un componente esencial para avanzar hacia una medicina personalizada m\u00e1s equitativa<\/strong>, subrayando especialmente que <strong>la inclusi\u00f3n de poblaciones latinoamericanas en la investigaci\u00f3n cient\u00edfica es clave para desarrollar tratamientos m\u00e1s eficaces y adecuados a sus caracter\u00edsticas gen\u00e9ticas y ambientales<\/strong>.<\/p>\n\n\n\n<blockquote class=\"wp-block-quote is-layout-flow wp-block-quote-is-layout-flow\">\n<p class=\"wp-block-paragraph\">Esta nota as\u00ed, como reportajes, entrevistas exclusivas, videos, podcast y m\u00e1s, los podr\u00e1s encontrar en nuestra pr\u00f3xima edici\u00f3n especial digital de <strong>Temas Selectos en Salud<\/strong>.<\/p>\n\n\n\n<p class=\"wp-block-paragraph\"><a href=\"http:\/\/lasalud.mx\"><strong>LaSalud.mx<\/strong><\/a><strong> \/ LaSalud.lat<\/strong> La Revista de la Comunidad M\u00e9dica.<\/p>\n\n\n\n<p class=\"wp-block-paragraph\">Visita algunas de nuestras ediciones especiales en <a href=\"https:\/\/issuu.com\/grupo-mundodehoy\"><strong>https:\/\/issuu.com\/grupo-mundodehoy<\/strong><\/a><\/p>\n<\/blockquote>\n\n\n\n<p class=\"wp-block-paragraph\">D.E.<\/p>\n","protected":false},"excerpt":{"rendered":"<p>Aunque es m\u00e1s frecuente en estas regiones, el melanoma acral sigue siendo investigado Por: Redacci\u00f3n LaSalud.mx \/ Oncologia.mx \/ LaSalud.lat, Ciudad de M\u00e9xico, 16 de abril de 2026 .- El melanoma, reconocido como el c\u00e1ncer de piel m\u00e1s agresivo, no siempre est\u00e1 asociado a la exposici\u00f3n solar. En diversas regiones de \u00c1frica, Asia y Am\u00e9rica &hellip;<\/p>\n","protected":false},"author":2,"featured_media":220,"comment_status":"open","ping_status":"open","sticky":false,"template":"","format":"standard","meta":{"footnotes":""},"categories":[429,10,13,432,7,426],"tags":[455,452,453,456,457,450,451,21,454,316,318],"class_list":["post-219","post","type-post","status-publish","format-standard","has-post-thumbnail","","category-argentina","category-gastro","category-genetica","category-mexico","category-oncologia","category-paises","tag-carladanielarobles-espinoza","tag-centronacionaldeinvestigacionesoncologicas","tag-cnio","tag-grupodegenomicadigital","tag-marcosdiazgay","tag-melanoma","tag-melanomaacral","tag-portada","tag-revistanature","tag-unam","tag-universidadnacionalautonomademexico"],"_links":{"self":[{"href":"https:\/\/lasalud.lat\/index.php?rest_route=\/wp\/v2\/posts\/219","targetHints":{"allow":["GET"]}}],"collection":[{"href":"https:\/\/lasalud.lat\/index.php?rest_route=\/wp\/v2\/posts"}],"about":[{"href":"https:\/\/lasalud.lat\/index.php?rest_route=\/wp\/v2\/types\/post"}],"author":[{"embeddable":true,"href":"https:\/\/lasalud.lat\/index.php?rest_route=\/wp\/v2\/users\/2"}],"replies":[{"embeddable":true,"href":"https:\/\/lasalud.lat\/index.php?rest_route=%2Fwp%2Fv2%2Fcomments&post=219"}],"version-history":[{"count":2,"href":"https:\/\/lasalud.lat\/index.php?rest_route=\/wp\/v2\/posts\/219\/revisions"}],"predecessor-version":[{"id":224,"href":"https:\/\/lasalud.lat\/index.php?rest_route=\/wp\/v2\/posts\/219\/revisions\/224"}],"wp:featuredmedia":[{"embeddable":true,"href":"https:\/\/lasalud.lat\/index.php?rest_route=\/wp\/v2\/media\/220"}],"wp:attachment":[{"href":"https:\/\/lasalud.lat\/index.php?rest_route=%2Fwp%2Fv2%2Fmedia&parent=219"}],"wp:term":[{"taxonomy":"category","embeddable":true,"href":"https:\/\/lasalud.lat\/index.php?rest_route=%2Fwp%2Fv2%2Fcategories&post=219"},{"taxonomy":"post_tag","embeddable":true,"href":"https:\/\/lasalud.lat\/index.php?rest_route=%2Fwp%2Fv2%2Ftags&post=219"}],"curies":[{"name":"wp","href":"https:\/\/api.w.org\/{rel}","templated":true}]}}