{"id":174,"date":"2026-04-14T22:49:04","date_gmt":"2026-04-14T22:49:04","guid":{"rendered":"https:\/\/lasalud.lat\/?p=174"},"modified":"2026-04-14T22:49:05","modified_gmt":"2026-04-14T22:49:05","slug":"dia-mundial-de-la-diabetes-prevenir-desde-las-primeras-etapas","status":"publish","type":"post","link":"https:\/\/lasalud.lat\/?p=174","title":{"rendered":"D\u00eda Mundial de la Diabetes: prevenir desde las primeras etapas"},"content":{"rendered":"\n<p class=\"wp-block-paragraph\"><strong>La campa\u00f1a internacional enfatiza el diagn\u00f3stico oportuno para reducir complicaciones y mejorar la calidad de vida<\/strong><\/p>\n\n\n\n<p class=\"wp-block-paragraph\"><em>Por: Redacci\u00f3n<\/em><\/p>\n\n\n\n<p class=\"wp-block-paragraph\"><strong>LaSalud.lat, Ciudad de M\u00e9xico, 14 de abril de 2026 .-<\/strong> El <strong>D\u00eda Mundial de la Diabetes<\/strong> inicia una nueva etapa bajo el enfoque <strong>\u201cAcci\u00f3n temprana contra la diabetes\u201d<\/strong>, una campa\u00f1a que se desarrolla a lo largo de dos a\u00f1os y que pone \u00e9nfasis en la necesidad de <strong>actuar de manera oportuna para diagnosticar la enfermedad y reducir sus riesgos asociados<\/strong>.<\/p>\n\n\n\n<p class=\"wp-block-paragraph\">Las actividades previas al 14 de noviembre, fecha en que se conmemora este padecimiento, se orientan a reforzar la importancia del diagn\u00f3stico temprano como una estrategia fundamental para enfrentar el impacto creciente de esta condici\u00f3n en la poblaci\u00f3n mundial.<\/p>\n\n\n\n<h2 class=\"wp-block-heading\"><strong>Magnitud del problema y brecha en el diagn\u00f3stico<\/strong><\/h2>\n\n\n\n<p class=\"wp-block-paragraph\">Actualmente, la diabetes afecta a <strong>m\u00e1s de 500 millones de personas en el mundo<\/strong>, lo que refleja su magnitud como problema de salud p\u00fablica. Sin embargo, uno de los principales desaf\u00edos es el subdiagn\u00f3stico: <strong>casi una de cada dos personas que viven con diabetes no ha sido diagnosticada<\/strong>.<\/p>\n\n\n\n<p class=\"wp-block-paragraph\">Esta situaci\u00f3n implica que un n\u00famero significativo de personas no recibe atenci\u00f3n m\u00e9dica oportuna, lo que incrementa el riesgo de desarrollar complicaciones graves y potencialmente mortales. La ausencia de diagn\u00f3stico limita el acceso a intervenciones tempranas y a estrategias de control adecuadas.<\/p>\n\n\n\n<h2 class=\"wp-block-heading\"><strong>Importancia cl\u00ednica de la detecci\u00f3n precoz<\/strong><\/h2>\n\n\n\n<p class=\"wp-block-paragraph\">La identificaci\u00f3n temprana de la diabetes se reconoce como un elemento clave para prevenir desenlaces adversos. Detectar la enfermedad en sus primeras etapas permite evitar complicaciones agudas como la <strong>cetoacidosis diab\u00e9tica (CAD)<\/strong>, as\u00ed como prevenir o retrasar la aparici\u00f3n de condiciones cr\u00f3nicas asociadas.<\/p>\n\n\n\n<p class=\"wp-block-paragraph\">Entre estas complicaciones se incluyen <strong>enfermedades cardiovasculares, insuficiencia renal, p\u00e9rdida de la visi\u00f3n y da\u00f1o nervioso<\/strong>, todas ellas con impacto significativo en la calidad de vida y en los sistemas de salud.<\/p>\n\n\n\n<p class=\"wp-block-paragraph\">En este sentido, la promoci\u00f3n del conocimiento sobre los signos de alerta y la mejora del acceso a pruebas de detecci\u00f3n y servicios de atenci\u00f3n se posicionan como estrategias esenciales para fortalecer la respuesta sanitaria.<\/p>\n\n\n\n<h2 class=\"wp-block-heading\"><strong>Factores de riesgo y barreras estructurales<\/strong><\/h2>\n\n\n\n<p class=\"wp-block-paragraph\">Se estima que <strong>una de cada ocho personas en el mundo presenta un alto riesgo de desarrollar diabetes tipo 2<\/strong>, lo que subraya la necesidad de intervenir de manera preventiva.<\/p>\n\n\n\n<p class=\"wp-block-paragraph\">No obstante, existen m\u00faltiples barreras que dificultan el control de estos factores de riesgo. Entre ellas destacan los entornos urbanos, la contaminaci\u00f3n del aire, la disponibilidad limitada de espacios para la actividad f\u00edsica y el acceso f\u00e1cil y econ\u00f3mico a alimentos poco saludables.<\/p>\n\n\n\n<p class=\"wp-block-paragraph\">Estas condiciones configuran un entorno que dificulta la adopci\u00f3n de estilos de vida saludables, lo que incrementa la probabilidad de desarrollar la enfermedad.<\/p>\n\n\n\n<h2 class=\"wp-block-heading\"><strong>Prevenci\u00f3n y acompa\u00f1amiento desde el sistema de salud<\/strong><\/h2>\n\n\n\n<p class=\"wp-block-paragraph\">El abordaje preventivo de la diabetes tipo 2 requiere no solo la identificaci\u00f3n de factores de riesgo, sino tambi\u00e9n el acceso a <strong>apoyo temprano por parte de profesionales de la salud<\/strong>. Este acompa\u00f1amiento permite implementar estrategias orientadas a modificar h\u00e1bitos y reducir la probabilidad de aparici\u00f3n de la enfermedad.<\/p>\n\n\n\n<p class=\"wp-block-paragraph\">En este contexto, la comprensi\u00f3n de los riesgos individuales y la intervenci\u00f3n oportuna se consolidan como herramientas fundamentales para mejorar los resultados en salud.<\/p>\n\n\n\n<h2 class=\"wp-block-heading\"><strong>Responsabilidad compartida en la respuesta sanitaria<\/strong><\/h2>\n\n\n\n<p class=\"wp-block-paragraph\">La respuesta frente a la diabetes no recae exclusivamente en los sistemas de salud. Las <strong>comunidades, los proveedores de atenci\u00f3n m\u00e9dica y los responsables de pol\u00edticas p\u00fablicas<\/strong> desempe\u00f1an un papel central en la implementaci\u00f3n de estrategias de detecci\u00f3n temprana y reducci\u00f3n de riesgos.<\/p>\n\n\n\n<p class=\"wp-block-paragraph\">Garantizar que estas medidas sean accesibles para toda la poblaci\u00f3n implica fortalecer los sistemas de salud, mejorar la infraestructura de diagn\u00f3stico y promover entornos que favorezcan estilos de vida saludables.<\/p>\n\n\n\n<h2 class=\"wp-block-heading\"><strong>Un enfoque preventivo para el futuro de la salud<\/strong><\/h2>\n\n\n\n<p class=\"wp-block-paragraph\">La campa\u00f1a <strong>\u201cAcci\u00f3n temprana contra la diabetes\u201d<\/strong> pone de relieve que el abordaje de esta enfermedad requiere una visi\u00f3n integral que combine detecci\u00f3n, prevenci\u00f3n y acceso a la atenci\u00f3n.<\/p>\n\n\n\n<p class=\"wp-block-paragraph\">En este sentido, se destaca que <strong>la identificaci\u00f3n temprana, el conocimiento de los factores de riesgo y la implementaci\u00f3n de estrategias preventivas constituyen elementos clave para reducir el impacto de la diabetes a nivel global<\/strong>, subrayando especialmente que <strong>el acceso oportuno al diagn\u00f3stico puede marcar la diferencia entre la prevenci\u00f3n de complicaciones y el desarrollo de enfermedades graves<\/strong>.<\/p>\n\n\n\n<blockquote class=\"wp-block-quote is-layout-flow wp-block-quote-is-layout-flow\">\n<p class=\"wp-block-paragraph\">Esta nota as\u00ed, como reportajes, entrevistas exclusivas, videos, podcast y m\u00e1s, los podr\u00e1s encontrar en nuestra pr\u00f3xima edici\u00f3n especial digital de <strong>Temas Selectos en Salud<\/strong>.<\/p>\n\n\n\n<p class=\"wp-block-paragraph\"><strong>LaSalud.lat \/<\/strong> <a href=\"http:\/\/lasalud.mx\"><strong>LaSalud.mx<\/strong><\/a><strong>\u00a0 <\/strong>La Revista de la Comunidad M\u00e9dica.<\/p>\n\n\n\n<p class=\"wp-block-paragraph\">Visita algunas de nuestras ediciones especiales en <a href=\"https:\/\/issuu.com\/grupo-mundodehoy\"><strong>https:\/\/issuu.com\/grupo-mundodehoy<\/strong><\/a><\/p>\n<\/blockquote>\n\n\n\n<p class=\"wp-block-paragraph\">D.E.<\/p>\n","protected":false},"excerpt":{"rendered":"<p>La campa\u00f1a internacional enfatiza el diagn\u00f3stico oportuno para reducir complicaciones y mejorar la calidad de vida Por: Redacci\u00f3n LaSalud.lat, Ciudad de M\u00e9xico, 14 de abril de 2026 .- El D\u00eda Mundial de la Diabetes inicia una nueva etapa bajo el enfoque \u201cAcci\u00f3n temprana contra la diabetes\u201d, una campa\u00f1a que se desarrolla a lo largo de &hellip;<\/p>\n","protected":false},"author":2,"featured_media":175,"comment_status":"open","ping_status":"open","sticky":false,"template":"","format":"standard","meta":{"footnotes":""},"categories":[11,6],"tags":[406,405,396,404,21],"class_list":["post-174","post","type-post","status-publish","format-standard","has-post-thumbnail","","category-diabetes","category-historias","tag-cad","tag-cetoacidosisdiabetica","tag-diabetes","tag-diamundialdeladiabetes","tag-portada"],"_links":{"self":[{"href":"https:\/\/lasalud.lat\/index.php?rest_route=\/wp\/v2\/posts\/174","targetHints":{"allow":["GET"]}}],"collection":[{"href":"https:\/\/lasalud.lat\/index.php?rest_route=\/wp\/v2\/posts"}],"about":[{"href":"https:\/\/lasalud.lat\/index.php?rest_route=\/wp\/v2\/types\/post"}],"author":[{"embeddable":true,"href":"https:\/\/lasalud.lat\/index.php?rest_route=\/wp\/v2\/users\/2"}],"replies":[{"embeddable":true,"href":"https:\/\/lasalud.lat\/index.php?rest_route=%2Fwp%2Fv2%2Fcomments&post=174"}],"version-history":[{"count":2,"href":"https:\/\/lasalud.lat\/index.php?rest_route=\/wp\/v2\/posts\/174\/revisions"}],"predecessor-version":[{"id":177,"href":"https:\/\/lasalud.lat\/index.php?rest_route=\/wp\/v2\/posts\/174\/revisions\/177"}],"wp:featuredmedia":[{"embeddable":true,"href":"https:\/\/lasalud.lat\/index.php?rest_route=\/wp\/v2\/media\/175"}],"wp:attachment":[{"href":"https:\/\/lasalud.lat\/index.php?rest_route=%2Fwp%2Fv2%2Fmedia&parent=174"}],"wp:term":[{"taxonomy":"category","embeddable":true,"href":"https:\/\/lasalud.lat\/index.php?rest_route=%2Fwp%2Fv2%2Fcategories&post=174"},{"taxonomy":"post_tag","embeddable":true,"href":"https:\/\/lasalud.lat\/index.php?rest_route=%2Fwp%2Fv2%2Ftags&post=174"}],"curies":[{"name":"wp","href":"https:\/\/api.w.org\/{rel}","templated":true}]}}