{"id":167,"date":"2026-04-14T21:57:36","date_gmt":"2026-04-14T21:57:36","guid":{"rendered":"https:\/\/lasalud.lat\/?p=167"},"modified":"2026-04-16T16:25:11","modified_gmt":"2026-04-16T22:25:11","slug":"cincuenta-anos-de-alad-en-america-latina","status":"publish","type":"post","link":"https:\/\/lasalud.lat\/?p=167","title":{"rendered":"Cincuenta a\u00f1os de ALAD en Am\u00e9rica Latina"},"content":{"rendered":"\n<p class=\"wp-block-paragraph\"><strong>La organizaci\u00f3n m\u00e9dica ha articulado conocimiento, cooperaci\u00f3n y liderazgo cient\u00edfico en Am\u00e9rica Latina<\/strong><\/p>\n\n\n\n<p class=\"wp-block-paragraph\"><em>Por: Redacci\u00f3n<\/em><\/p>\n\n\n\n<p class=\"wp-block-paragraph\"><strong>LaSalud.lat, Ciudad de M\u00e9xico, 14 de febrero de 2026 .-<\/strong> La <strong>Asociaci\u00f3n Latinoamericana de Diabetes (ALAD)<\/strong> fue creada en 1970 como resultado de la iniciativa de un grupo de m\u00e9dicos que identificaron la necesidad de <strong>abordar de manera conjunta la problem\u00e1tica de la diabetes mellitus en los pa\u00edses de Am\u00e9rica Latina<\/strong>.<\/p>\n\n\n\n<p class=\"wp-block-paragraph\">Entre los fundadores se encuentran figuras relevantes de la medicina regional como <strong>Luis Cardonet<\/strong>, <strong>Sa\u00fal Senderey<\/strong>, <strong>Rafael Camerini-D\u00e1valos<\/strong>, <strong>Bernardo Nusimovich<\/strong>, <strong>Ricardo Rodr\u00edguez<\/strong>, <strong>N\u00e9stor Serantes<\/strong>, <strong>F\u00e9lix E. Puchulu<\/strong>, <strong>Maximino Ru\u00edz<\/strong>, as\u00ed como <strong>Dora Fox<\/strong> (Argentina), <strong>Bernardo Leo Wajchenberg<\/strong> (Brasil), <strong>Mario S\u00e1nchez-Medina<\/strong> (Colombia), <strong>Luis Canessa<\/strong> y <strong>Manuel Garc\u00eda de los R\u00edos<\/strong> (Chile), <strong>Hazoury Balhes<\/strong> (Rep\u00fablica Dominicana), <strong>Lozano-Casta\u00f1eda<\/strong> (M\u00e9xico), <strong>Francisco Rocca<\/strong> y <strong>Perla Temesio<\/strong> (Uruguay), adem\u00e1s de <strong>Castillo Navarrete<\/strong> y <strong>Colina Bracho<\/strong> (Venezuela).<\/p>\n\n\n\n<p class=\"wp-block-paragraph\">En este proceso fundacional, fue designado como primer presidente electo el <strong>Doctor Luis Cardonnet<\/strong>, representante de Argentina, consolidando as\u00ed el inicio de una estructura organizativa orientada a la cooperaci\u00f3n cient\u00edfica regional.<\/p>\n\n\n\n<p class=\"wp-block-paragraph\">Este origen colectivo refleja <strong>una preocupaci\u00f3n compartida por la creciente carga de la diabetes en Am\u00e9rica Latina<\/strong>, as\u00ed como la necesidad de generar espacios de intercambio y construcci\u00f3n de conocimiento.<\/p>\n\n\n\n<h2 class=\"wp-block-heading\"><strong>Primeros encuentros cient\u00edficos y expansi\u00f3n regional<\/strong><\/h2>\n\n\n\n<p class=\"wp-block-paragraph\">El primer congreso de la <strong>ALAD<\/strong> se llev\u00f3 a cabo en Montevideo, en el marco de las <strong>IV Jornadas Rioplatenses de Diabetes<\/strong>, bajo la presidencia del <strong>Doctor Francisco Rocca<\/strong>. Este evento marc\u00f3 el inicio de una serie de encuentros cient\u00edficos que posteriormente se extendieron a distintos pa\u00edses de la regi\u00f3n.<\/p>\n\n\n\n<p class=\"wp-block-paragraph\">La rotaci\u00f3n de sedes permiti\u00f3 consolidar una din\u00e1mica regional que favoreci\u00f3 el intercambio de experiencias y el fortalecimiento de redes profesionales, contribuyendo a <strong>la integraci\u00f3n de la comunidad m\u00e9dica latinoamericana en torno al estudio de la diabetes<\/strong>.<\/p>\n\n\n\n<h2 class=\"wp-block-heading\"><strong>Producci\u00f3n cient\u00edfica y evoluci\u00f3n editorial<\/strong><\/h2>\n\n\n\n<p class=\"wp-block-paragraph\">En 1992, la <strong>ALAD<\/strong> inici\u00f3 la publicaci\u00f3n de la <strong>Revista de la Asociaci\u00f3n Latinoamericana de Diabetes<\/strong>, un espacio destinado a la difusi\u00f3n de conocimiento cient\u00edfico en la regi\u00f3n. Durante sus primeras etapas, la revista se edit\u00f3 en formato impreso en Argentina. Posteriormente, en 2009, la publicaci\u00f3n migr\u00f3 a formato digital, lo que permiti\u00f3 ampliar su alcance y accesibilidad. Esta nueva etapa sigue manteni\u00e9ndose vigente hasta la actualidad y en proceso de indexaci\u00f3n.<\/p>\n\n\n\n<p class=\"wp-block-paragraph\">Este desarrollo editorial evidencia <strong>la consolidaci\u00f3n de la producci\u00f3n cient\u00edfica regional como un componente clave en el fortalecimiento del conocimiento en diabetes<\/strong>.<\/p>\n\n\n\n<h2 class=\"wp-block-heading\"><strong>Reconocimiento institucional y articulaci\u00f3n internacional<\/strong><\/h2>\n\n\n\n<p class=\"wp-block-paragraph\">En el a\u00f1o 2020, la <strong>ALAD<\/strong> conmemor\u00f3 sus 50 a\u00f1os de trayectoria mediante un homenaje institucional en el que particip\u00f3 la <strong>Regi\u00f3n Sudam\u00e9rica y Centro Am\u00e9rica de la Federaci\u00f3n Internacional de Diabetes<\/strong>, lo que refleja el reconocimiento de su labor a nivel internacional.<\/p>\n\n\n\n<p class=\"wp-block-paragraph\">Este hito pone de manifiesto la continuidad de una organizaci\u00f3n que ha logrado sostener su actividad a lo largo de d\u00e9cadas, adapt\u00e1ndose a los cambios en el entorno cient\u00edfico y sanitario.<\/p>\n\n\n\n<p class=\"wp-block-paragraph\">Asimismo, la asociaci\u00f3n ha acumulado <strong>18 gestiones a lo largo de su historia<\/strong>, lo que evidencia una estructura organizativa estable y en constante evoluci\u00f3n.<\/p>\n\n\n\n<h2 class=\"wp-block-heading\"><strong>Liderazgo actual y continuidad institucional<\/strong><\/h2>\n\n\n\n<p class=\"wp-block-paragraph\">En el periodo 2022-2025, la presidencia de la <strong>ALAD<\/strong> es ejercida por el <strong>Dr. Segundo Nicol\u00e1s Secl\u00e9n Santisteban<\/strong>, m\u00e9dico endocrin\u00f3logo peruano, quien encabeza las acciones de la organizaci\u00f3n en el contexto contempor\u00e1neo.<\/p>\n\n\n\n<p class=\"wp-block-paragraph\">Su liderazgo se inserta dentro de una trayectoria institucional que ha priorizado la continuidad de los objetivos fundacionales, orientados a <strong>fortalecer la cooperaci\u00f3n cient\u00edfica y mejorar el abordaje de la diabetes en la regi\u00f3n<\/strong>.<\/p>\n\n\n\n<h2 class=\"wp-block-heading\"><strong>Legado humano y valores institucionales<\/strong><\/h2>\n\n\n\n<p class=\"wp-block-paragraph\">En el cierre de este recorrido hist\u00f3rico, la <strong>ALAD<\/strong> rinde homenaje a <strong>Dora Fox<\/strong> y <strong>Martha de Sereday<\/strong>, figuras emblem\u00e1ticas que representan valores fundamentales dentro de la organizaci\u00f3n.<\/p>\n\n\n\n<p class=\"wp-block-paragraph\">Ambas son reconocidas como referentes de <strong>trabajo, honestidad, perseverancia y transparencia<\/strong>, cualidades que se consolidan como parte del legado institucional y que contin\u00faan orientando el quehacer de la asociaci\u00f3n.<\/p>\n\n\n\n<p class=\"wp-block-paragraph\">Este reconocimiento no s\u00f3lo destaca trayectorias individuales, sino que tambi\u00e9n refleja la dimensi\u00f3n humana que ha acompa\u00f1ado el desarrollo de la organizaci\u00f3n a lo largo del tiempo.<\/p>\n\n\n\n<h2 class=\"wp-block-heading\"><strong>Una trayectoria que articula ciencia y cooperaci\u00f3n<\/strong><\/h2>\n\n\n\n<p class=\"wp-block-paragraph\">La historia de la <strong>ALAD<\/strong> evidencia la construcci\u00f3n de una red m\u00e9dica que, desde su origen en 1970, ha articulado conocimiento, investigaci\u00f3n y colaboraci\u00f3n regional en torno a la diabetes.<\/p>\n\n\n\n<p class=\"wp-block-paragraph\">En este sentido, su evoluci\u00f3n institucional pone de relieve que <strong>la cooperaci\u00f3n entre especialistas, la generaci\u00f3n de conocimiento cient\u00edfico y la continuidad organizativa han sido elementos clave para consolidar una respuesta regional frente a la diabetes mellitus<\/strong>, destacando especialmente que <strong>la permanencia de estos esfuerzos a lo largo de m\u00e1s de cinco d\u00e9cadas constituye un componente central en el fortalecimiento de la atenci\u00f3n en salud en Am\u00e9rica Latina<\/strong>.<\/p>\n\n\n\n<blockquote class=\"wp-block-quote is-layout-flow wp-block-quote-is-layout-flow\">\n<p class=\"wp-block-paragraph\">Esta nota as\u00ed, como reportajes, entrevistas exclusivas, videos, podcast y m\u00e1s, los podr\u00e1s encontrar en nuestra pr\u00f3xima edici\u00f3n especial digital de <strong>Temas Selectos en Salud<\/strong>.<\/p>\n\n\n\n<p class=\"wp-block-paragraph\"><strong>LaSalud.lat \/<\/strong> <a href=\"http:\/\/lasalud.mx\"><strong>LaSalud.mx<\/strong><\/a><strong>\u00a0 <\/strong>La Revista de la Comunidad M\u00e9dica.<\/p>\n\n\n\n<p class=\"wp-block-paragraph\">Visita algunas de nuestras ediciones especiales en <a href=\"https:\/\/issuu.com\/grupo-mundodehoy\"><strong>https:\/\/issuu.com\/grupo-mundodehoy<\/strong><\/a><\/p>\n<\/blockquote>\n\n\n\n<p class=\"wp-block-paragraph\">D.E.<\/p>\n","protected":false},"excerpt":{"rendered":"<p>La organizaci\u00f3n m\u00e9dica ha articulado conocimiento, cooperaci\u00f3n y liderazgo cient\u00edfico en Am\u00e9rica Latina Por: Redacci\u00f3n LaSalud.lat, Ciudad de M\u00e9xico, 14 de febrero de 2026 .- La Asociaci\u00f3n Latinoamericana de Diabetes (ALAD) fue creada en 1970 como resultado de la iniciativa de un grupo de m\u00e9dicos que identificaron la necesidad de abordar de manera conjunta la &hellip;<\/p>\n","protected":false},"author":2,"featured_media":168,"comment_status":"open","ping_status":"open","sticky":false,"template":"","format":"standard","meta":{"footnotes":""},"categories":[11,6,426],"tags":[376,375,386,380,394,396,385,383,393,390,391,377,389,397,384,382,392,21,379,381,378,398],"class_list":["post-167","post","type-post","status-publish","format-standard","has-post-thumbnail","","category-diabetes","category-historias","category-paises","tag-alad","tag-asociacionlatinoamericanadediabetes","tag-bernardoleowajchenberg","tag-bernardonusimovich","tag-castillonavarrete","tag-diabetes","tag-dorafox","tag-felixpuchulu","tag-franciscorocca","tag-hazourybalhes","tag-lozano-castaneda","tag-luiscardonet","tag-manuelgarciadelosrios","tag-marthadesereday","tag-maximinoruiz","tag-nestorserantes","tag-perlatemesio","tag-portada","tag-rafaelcamerini-davalos","tag-ricardorodriguez","tag-saulsenderey","tag-segundonicolasseclensantisteban"],"_links":{"self":[{"href":"https:\/\/lasalud.lat\/index.php?rest_route=\/wp\/v2\/posts\/167","targetHints":{"allow":["GET"]}}],"collection":[{"href":"https:\/\/lasalud.lat\/index.php?rest_route=\/wp\/v2\/posts"}],"about":[{"href":"https:\/\/lasalud.lat\/index.php?rest_route=\/wp\/v2\/types\/post"}],"author":[{"embeddable":true,"href":"https:\/\/lasalud.lat\/index.php?rest_route=\/wp\/v2\/users\/2"}],"replies":[{"embeddable":true,"href":"https:\/\/lasalud.lat\/index.php?rest_route=%2Fwp%2Fv2%2Fcomments&post=167"}],"version-history":[{"count":2,"href":"https:\/\/lasalud.lat\/index.php?rest_route=\/wp\/v2\/posts\/167\/revisions"}],"predecessor-version":[{"id":170,"href":"https:\/\/lasalud.lat\/index.php?rest_route=\/wp\/v2\/posts\/167\/revisions\/170"}],"wp:featuredmedia":[{"embeddable":true,"href":"https:\/\/lasalud.lat\/index.php?rest_route=\/wp\/v2\/media\/168"}],"wp:attachment":[{"href":"https:\/\/lasalud.lat\/index.php?rest_route=%2Fwp%2Fv2%2Fmedia&parent=167"}],"wp:term":[{"taxonomy":"category","embeddable":true,"href":"https:\/\/lasalud.lat\/index.php?rest_route=%2Fwp%2Fv2%2Fcategories&post=167"},{"taxonomy":"post_tag","embeddable":true,"href":"https:\/\/lasalud.lat\/index.php?rest_route=%2Fwp%2Fv2%2Ftags&post=167"}],"curies":[{"name":"wp","href":"https:\/\/api.w.org\/{rel}","templated":true}]}}