{"id":164,"date":"2026-04-14T21:13:38","date_gmt":"2026-04-14T21:13:38","guid":{"rendered":"https:\/\/lasalud.lat\/?p=164"},"modified":"2026-04-14T21:13:39","modified_gmt":"2026-04-14T21:13:39","slug":"dra-adolfina-berges-garcia-bio-profesional","status":"publish","type":"post","link":"https:\/\/lasalud.lat\/?p=164","title":{"rendered":"Dra. Adolfina Berg\u00e9s Garc\u00eda &#8211; Bio. Profesional"},"content":{"rendered":"\n<p class=\"wp-block-paragraph\"><strong>Adolfina Berg\u00e9s Garc\u00eda<\/strong> es Hemat\u00f3loga pediatra, Asesora M\u00e9dica de la <strong>Federaci\u00f3n de Hemofilia de la Rep\u00fablica Mexicana, A.C<\/strong><\/p>\n\n\n\n<h3 class=\"wp-block-heading\" id=\"block-4ef5f641-57ba-47c4-8be2-ec3903fa02eb\"><strong>Resumen de experiencia<\/strong><\/h3>\n\n\n\n<p class=\"wp-block-paragraph\" id=\"block-44469de5-4c9b-4dc0-8deb-f172003b4b16\">Recertificaci\u00f3n por el Consejo Mexicano de Hematolog\u00eda<\/p>\n\n\n\n<p class=\"wp-block-paragraph\" id=\"block-0e2d2d42-bcd6-4d08-be58-a56d27760377\">M\u00e9dico adscrito al Banco Central de Sangre Centro M\u00e9dico Nacional la Raza, de 1992-1999.<\/p>\n\n\n\n<p class=\"wp-block-paragraph\" id=\"block-741314d8-683e-401d-91ea-b4b6aef4e4e6\">Jefe de Educaci\u00f3n M\u00e9dica e Investigaci\u00f3n del Banco Central de Sangre Centro M\u00e9dico Nacional La Raza, de 1999-2000<\/p>\n\n\n\n<p class=\"wp-block-paragraph\" id=\"block-a0fe1d36-6f01-4f23-822b-19e69072fb34\">M\u00e9dico Adscrito al Servicio de Hematolog\u00eda Pedi\u00e1trica UMAE Hospital General Centro M\u00e9dico Nacional la Raza, de 2000-2013<\/p>\n\n\n\n<p class=\"wp-block-paragraph\" id=\"block-f306e834-4255-4dd3-80e4-a8b287acfade\">Coordinadora de Programas M\u00e9dicos. Direcci\u00f3n de Prestaciones M\u00e9dicas del IMSS del 1\u00ba diciembre 2013 a la fecha.<\/p>\n\n\n\n<h3 class=\"wp-block-heading\" id=\"block-7ead1e7b-c78c-4466-af03-16ca354e743c\"><strong>Es miembro de asociaciones como:<\/strong><\/h3>\n\n\n\n<ul id=\"block-40790e51-248f-474c-9319-493697eca9a0\" class=\"wp-block-list\">\n<li>Socio Fundador Asociaci\u00f3n Mexicana de Medicina Transfusional<\/li>\n\n\n\n<li>Miembro de la Agrupaci\u00f3n Mexicana para el Estudio de la Hematolog\u00eda, A.C.<\/li>\n\n\n\n<li>Miembro del Consejo Mexicano Hematolog\u00eda<\/li>\n<\/ul>\n","protected":false},"excerpt":{"rendered":"<p>Adolfina Berg\u00e9s Garc\u00eda es Hemat\u00f3loga pediatra, Asesora M\u00e9dica de la Federaci\u00f3n de Hemofilia de la Rep\u00fablica Mexicana, A.C Resumen de experiencia Recertificaci\u00f3n por el Consejo Mexicano de Hematolog\u00eda M\u00e9dico adscrito al Banco Central de Sangre Centro M\u00e9dico Nacional la Raza, de 1992-1999. Jefe de Educaci\u00f3n M\u00e9dica e Investigaci\u00f3n del Banco Central de Sangre Centro M\u00e9dico &hellip;<\/p>\n","protected":false},"author":2,"featured_media":165,"comment_status":"open","ping_status":"open","sticky":false,"template":"","format":"standard","meta":{"footnotes":""},"categories":[4],"tags":[372,373,374,21],"class_list":["post-164","post","type-post","status-publish","format-standard","has-post-thumbnail","","category-bios","tag-adolfinabergesgarcia","tag-federaciondehemofiliadelarepublicamexicana","tag-fhrm","tag-portada"],"_links":{"self":[{"href":"https:\/\/lasalud.lat\/index.php?rest_route=\/wp\/v2\/posts\/164","targetHints":{"allow":["GET"]}}],"collection":[{"href":"https:\/\/lasalud.lat\/index.php?rest_route=\/wp\/v2\/posts"}],"about":[{"href":"https:\/\/lasalud.lat\/index.php?rest_route=\/wp\/v2\/types\/post"}],"author":[{"embeddable":true,"href":"https:\/\/lasalud.lat\/index.php?rest_route=\/wp\/v2\/users\/2"}],"replies":[{"embeddable":true,"href":"https:\/\/lasalud.lat\/index.php?rest_route=%2Fwp%2Fv2%2Fcomments&post=164"}],"version-history":[{"count":1,"href":"https:\/\/lasalud.lat\/index.php?rest_route=\/wp\/v2\/posts\/164\/revisions"}],"predecessor-version":[{"id":166,"href":"https:\/\/lasalud.lat\/index.php?rest_route=\/wp\/v2\/posts\/164\/revisions\/166"}],"wp:featuredmedia":[{"embeddable":true,"href":"https:\/\/lasalud.lat\/index.php?rest_route=\/wp\/v2\/media\/165"}],"wp:attachment":[{"href":"https:\/\/lasalud.lat\/index.php?rest_route=%2Fwp%2Fv2%2Fmedia&parent=164"}],"wp:term":[{"taxonomy":"category","embeddable":true,"href":"https:\/\/lasalud.lat\/index.php?rest_route=%2Fwp%2Fv2%2Fcategories&post=164"},{"taxonomy":"post_tag","embeddable":true,"href":"https:\/\/lasalud.lat\/index.php?rest_route=%2Fwp%2Fv2%2Ftags&post=164"}],"curies":[{"name":"wp","href":"https:\/\/api.w.org\/{rel}","templated":true}]}}