{"id":117,"date":"2026-04-13T22:42:50","date_gmt":"2026-04-13T22:42:50","guid":{"rendered":"https:\/\/lasalud.lat\/?p=117"},"modified":"2026-04-13T23:11:18","modified_gmt":"2026-04-13T23:11:18","slug":"jarbas-barbosa-da-silva-jr-bio-profesional","status":"publish","type":"post","link":"https:\/\/lasalud.lat\/?p=117","title":{"rendered":"Jarbas Barbosa da Silva Jr. &#8211; Bio Profesional"},"content":{"rendered":"\n<p class=\"wp-block-paragraph\">El m\u00e9dico, epidemi\u00f3logo y experto en salud p\u00fablica <strong>Jarbas Barbosa da Silva Jr.<\/strong> es el actual director de la <strong>Organizaci\u00f3n Panamericana de la Salud (OPS\/PAHO)<\/strong> y <strong>director regional para las Am\u00e9ricas de la Organizaci\u00f3n Mundial de la Salud (OMS)<\/strong>, cargo para el que fue electo el <strong>28 de septiembre de 2022<\/strong> e inici\u00f3 funciones el <strong>1 de febrero de 2023<\/strong>, con un mandato de cinco a\u00f1os.<\/p>\n\n\n\n<p class=\"wp-block-paragraph\">De nacionalidad brasile\u00f1a, su trayectoria se ha desarrollado en la intersecci\u00f3n entre la <strong>gesti\u00f3n sanitaria<\/strong>, la <strong>epidemiolog\u00eda<\/strong> y la <strong>conducci\u00f3n de sistemas de salud<\/strong>, con una participaci\u00f3n sostenida tanto a nivel nacional como en organismos internacionales.<\/p>\n\n\n\n<h2 class=\"wp-block-heading\"><strong>Formaci\u00f3n y bases en salud p\u00fablica<\/strong><\/h2>\n\n\n\n<p class=\"wp-block-paragraph\"><strong>Jarbas Barbosa da Silva Jr.<\/strong> es m\u00e9dico egresado de la <strong>Universidad Federal de Pernambuco<\/strong>, con especializaci\u00f3n en <strong>salud p\u00fablica<\/strong> y <strong>epidemiolog\u00eda<\/strong> en la <strong>Fundaci\u00f3n Oswaldo Cruz (Fiocruz)<\/strong>. Cuenta adem\u00e1s con <strong>maestr\u00eda en Ciencias M\u00e9dicas<\/strong> y <strong>doctorado en salud p\u00fablica<\/strong> por la <strong>Universidad Estatal de Campinas<\/strong>.<\/p>\n\n\n\n<p class=\"wp-block-paragraph\">Inici\u00f3 su carrera en <strong>1982<\/strong> en el \u00e1mbito de la salud p\u00fablica en el estado de Pernambuco, donde posteriormente ocup\u00f3 funciones como <strong>coordinador de programas de enfermedades de transmisi\u00f3n sexual y VIH\/SIDA<\/strong>, adem\u00e1s de desempe\u00f1arse como <strong>secretario municipal de salud en Olinda<\/strong> y <strong>secretario estatal de salud en Pernambuco<\/strong>.<\/p>\n\n\n\n<h2 class=\"wp-block-heading\"><strong>Responsabilidades en el sistema de salud de Brasil<\/strong><\/h2>\n\n\n\n<p class=\"wp-block-paragraph\">A lo largo de su trayectoria en el sistema nacional de salud brasile\u00f1o, ocup\u00f3 diversos cargos de alto nivel, entre ellos <strong>viceministro de Vigilancia en Salud<\/strong>, <strong>viceministro de Ciencia y Tecnolog\u00eda<\/strong> y <strong>subsecretario de Salud<\/strong>.<\/p>\n\n\n\n<p class=\"wp-block-paragraph\">En <strong>1997<\/strong> fue nombrado director del <strong>Centro Nacional de Epidemiolog\u00eda (CENEPI)<\/strong> en Brasilia, posici\u00f3n desde la cual impuls\u00f3 el fortalecimiento del sistema de vigilancia sanitaria. Posteriormente, como <strong>viceministro de Vigilancia en Salud<\/strong> y <strong>subsecretario<\/strong>, moderniz\u00f3 el sistema nacional, ampliando la capacidad de <strong>detecci\u00f3n y respuesta ante brotes y emergencias sanitarias<\/strong>, e incorporando innovaciones como la vigilancia de <strong>factores de riesgo de enfermedades no transmisibles<\/strong> y riesgos ambientales.<\/p>\n\n\n\n<p class=\"wp-block-paragraph\">En <strong>2015<\/strong> asumi\u00f3 como <strong>secretario de Ciencia, Tecnolog\u00eda e Insumos Estrat\u00e9gicos<\/strong> del Ministerio de Salud y, entre <strong>2015 y 2018<\/strong>, se desempe\u00f1\u00f3 como presidente de la <strong>Agencia Nacional de Vigilancia Sanitaria (ANVISA)<\/strong>, donde promovi\u00f3 la <strong>modernizaci\u00f3n regulatoria de medicamentos y productos de salud<\/strong> y fortaleci\u00f3 la cooperaci\u00f3n internacional en materia regulatoria.<\/p>\n\n\n\n<h2 class=\"wp-block-heading\"><strong>Trayectoria en la Organizaci\u00f3n Panamericana de la Salud<\/strong><\/h2>\n\n\n\n<p class=\"wp-block-paragraph\">Su v\u00ednculo con la <strong>OPS<\/strong> inici\u00f3 en <strong>2007<\/strong>, cuando se incorpor\u00f3 como <strong>gerente del \u00e1rea de Vigilancia en Salud y Manejo de Enfermedades<\/strong>, coordinando acciones regionales en <strong>prevenci\u00f3n, control de enfermedades transmisibles y no transmisibles<\/strong>, salud p\u00fablica veterinaria y an\u00e1lisis de informaci\u00f3n sanitaria.<\/p>\n\n\n\n<p class=\"wp-block-paragraph\">Tras un periodo de retorno a Brasil, se reintegr\u00f3 a la organizaci\u00f3n y, entre <strong>2017 y 2023<\/strong>, se desempe\u00f1\u00f3 como <strong>subdirector de la OPS<\/strong>, liderando los departamentos t\u00e9cnicos y el <strong>Fondo Rotatorio para el Acceso a Vacunas<\/strong>, adem\u00e1s de encabezar la respuesta regional frente a la pandemia de <strong>COVID-19<\/strong> y actuar como uno de los principales voceros del organismo.<\/p>\n\n\n\n<h2 class=\"wp-block-heading\"><strong>Direcci\u00f3n de la OPS y liderazgo regional<\/strong><\/h2>\n\n\n\n<p class=\"wp-block-paragraph\">Como director de la <strong>OPS\/OMS para las Am\u00e9ricas<\/strong>, <strong>Jarbas Barbosa da Silva Jr.<\/strong> ha centrado su gesti\u00f3n en el fortalecimiento de los sistemas de salud, la ampliaci\u00f3n del acceso equitativo a vacunas y tecnolog\u00edas sanitarias, as\u00ed como en la cooperaci\u00f3n regional para enfrentar emergencias de salud p\u00fablica.<\/p>\n\n\n\n<p class=\"wp-block-paragraph\">Su liderazgo se sustenta en una visi\u00f3n de <strong>integraci\u00f3n regional en salud<\/strong>, orientada a mejorar la capacidad de respuesta ante crisis sanitarias y a consolidar pol\u00edticas p\u00fablicas basadas en evidencia en los pa\u00edses del continente.<\/p>\n\n\n\n<h2 class=\"wp-block-heading\"><strong>Reconocimientos y producci\u00f3n acad\u00e9mica<\/strong><\/h2>\n\n\n\n<p class=\"wp-block-paragraph\">A lo largo de su carrera, ha recibido diversos <strong>reconocimientos internacionales<\/strong>, es <strong>miembro honorario de la Academia Nacional de Medicina de Brasil<\/strong> y <strong>miembro internacional de la Academia Nacional de Medicina de Estados Unidos<\/strong>. Asimismo, ha publicado <strong>numerosos art\u00edculos<\/strong> en temas relacionados con <strong>salud global<\/strong>, <strong>gesti\u00f3n de sistemas de salud<\/strong>, <strong>vigilancia epidemiol\u00f3gica<\/strong> y <strong>transformaci\u00f3n digital en salud<\/strong>.<\/p>\n","protected":false},"excerpt":{"rendered":"<p>El m\u00e9dico, epidemi\u00f3logo y experto en salud p\u00fablica Jarbas Barbosa da Silva Jr. es el actual director de la Organizaci\u00f3n Panamericana de la Salud (OPS\/PAHO) y director regional para las Am\u00e9ricas de la Organizaci\u00f3n Mundial de la Salud (OMS), cargo para el que fue electo el 28 de septiembre de 2022 e inici\u00f3 funciones el &hellip;<\/p>\n","protected":false},"author":2,"featured_media":123,"comment_status":"open","ping_status":"open","sticky":false,"template":"","format":"standard","meta":{"footnotes":""},"categories":[4],"tags":[299,298,296,295,289,293,286,291,292,285,290,21,297,294],"class_list":["post-117","post","type-post","status-publish","format-standard","has-post-thumbnail","","category-bios","tag-cenepi","tag-centronacionaldeepidemiologia","tag-fiocruz","tag-fundacionoswaldocruz","tag-jarbasbarbosadasilva","tag-oms","tag-ops","tag-ops-paho","tag-organizacionmundialdelasalud","tag-organizacionpanamericanadelasalud","tag-paho","tag-portada","tag-universidadestataldecampinas","tag-universidadfederaldepernambuco"],"_links":{"self":[{"href":"https:\/\/lasalud.lat\/index.php?rest_route=\/wp\/v2\/posts\/117","targetHints":{"allow":["GET"]}}],"collection":[{"href":"https:\/\/lasalud.lat\/index.php?rest_route=\/wp\/v2\/posts"}],"about":[{"href":"https:\/\/lasalud.lat\/index.php?rest_route=\/wp\/v2\/types\/post"}],"author":[{"embeddable":true,"href":"https:\/\/lasalud.lat\/index.php?rest_route=\/wp\/v2\/users\/2"}],"replies":[{"embeddable":true,"href":"https:\/\/lasalud.lat\/index.php?rest_route=%2Fwp%2Fv2%2Fcomments&post=117"}],"version-history":[{"count":1,"href":"https:\/\/lasalud.lat\/index.php?rest_route=\/wp\/v2\/posts\/117\/revisions"}],"predecessor-version":[{"id":119,"href":"https:\/\/lasalud.lat\/index.php?rest_route=\/wp\/v2\/posts\/117\/revisions\/119"}],"wp:featuredmedia":[{"embeddable":true,"href":"https:\/\/lasalud.lat\/index.php?rest_route=\/wp\/v2\/media\/123"}],"wp:attachment":[{"href":"https:\/\/lasalud.lat\/index.php?rest_route=%2Fwp%2Fv2%2Fmedia&parent=117"}],"wp:term":[{"taxonomy":"category","embeddable":true,"href":"https:\/\/lasalud.lat\/index.php?rest_route=%2Fwp%2Fv2%2Fcategories&post=117"},{"taxonomy":"post_tag","embeddable":true,"href":"https:\/\/lasalud.lat\/index.php?rest_route=%2Fwp%2Fv2%2Ftags&post=117"}],"curies":[{"name":"wp","href":"https:\/\/api.w.org\/{rel}","templated":true}]}}