{"id":113,"date":"2026-04-13T22:25:00","date_gmt":"2026-04-13T22:25:00","guid":{"rendered":"https:\/\/lasalud.lat\/?p=113"},"modified":"2026-04-13T22:25:01","modified_gmt":"2026-04-13T22:25:01","slug":"sarampion-prevenir-con-vacunas-evitar-complicaciones-graves","status":"publish","type":"post","link":"https:\/\/lasalud.lat\/?p=113","title":{"rendered":"Sarampi\u00f3n: prevenir con vacunas, evitar complicaciones graves"},"content":{"rendered":"\n<p class=\"wp-block-paragraph\"><strong>La vacunaci\u00f3n sistem\u00e1tica y la vigilancia epidemiol\u00f3gica son esenciales para evitar complicaciones como neumon\u00eda y encefalitis<\/strong><\/p>\n\n\n\n<p class=\"wp-block-paragraph\"><em>Por: Redacci\u00f3n<\/em><\/p>\n\n\n\n<p class=\"wp-block-paragraph\"><strong>LaSalud.lat, Ciudad de M\u00e9xico, 13 de abril de 2026 .-<\/strong> El sarampi\u00f3n fue identificado como una de las enfermedades virales m\u00e1s contagiosas, causada por un virus que se transmite por el aire a trav\u00e9s de gotas respiratorias expulsadas al toser o estornudar. De acuerdo con la <strong>Organizaci\u00f3n Panamericana de la Salud<\/strong>, este padecimiento contin\u00faa representando un riesgo significativo para la salud p\u00fablica, especialmente en contextos donde las coberturas de vacunaci\u00f3n han disminuido.<\/p>\n\n\n\n<p class=\"wp-block-paragraph\">Se destac\u00f3 que el virus puede permanecer activo en el aire o en superficies durante varias horas, lo que facilita su propagaci\u00f3n en entornos comunitarios, particularmente en poblaciones no inmunizadas.<\/p>\n\n\n\n<h2 class=\"wp-block-heading\">Manifestaciones cl\u00ednicas y evoluci\u00f3n de la enfermedad<\/h2>\n\n\n\n<p class=\"wp-block-paragraph\">El sarampi\u00f3n present\u00f3 un cuadro cl\u00ednico caracter\u00edstico que inici\u00f3 con fiebre alta, congesti\u00f3n nasal, tos y conjuntivitis. Posteriormente, se desarrollaron manchas blancas en la cavidad oral (manchas de Koplik), seguidas de una erupci\u00f3n cut\u00e1nea que se extendi\u00f3 desde la cara hacia el resto del cuerpo.<\/p>\n\n\n\n<p class=\"wp-block-paragraph\">Entre los aspectos m\u00e1s relevantes, se subray\u00f3 que:<\/p>\n\n\n\n<ul class=\"wp-block-list\">\n<li><strong>La enfermedad puede derivar en complicaciones graves<\/strong>, especialmente en menores de cinco a\u00f1os.<\/li>\n\n\n\n<li><strong>Las complicaciones incluyen neumon\u00eda, encefalitis, diarrea severa y ceguera<\/strong>.<\/li>\n\n\n\n<li>En casos severos, el sarampi\u00f3n puede ser mortal.<\/li>\n<\/ul>\n\n\n\n<h2 class=\"wp-block-heading\">Vacunaci\u00f3n: principal herramienta de prevenci\u00f3n<\/h2>\n\n\n\n<p class=\"wp-block-paragraph\">La inmunizaci\u00f3n fue reconocida como la estrategia m\u00e1s eficaz para prevenir el sarampi\u00f3n. La vacuna, generalmente administrada en combinaci\u00f3n (SRP: sarampi\u00f3n, rub\u00e9ola y parotiditis), ha demostrado altos niveles de efectividad.<\/p>\n\n\n\n<p class=\"wp-block-paragraph\">La <strong>Organizaci\u00f3n Panamericana de la Salud<\/strong> enfatiz\u00f3 que:<\/p>\n\n\n\n<ul class=\"wp-block-list\">\n<li><strong>Se requieren dos dosis para garantizar protecci\u00f3n \u00f3ptima<\/strong>.<\/li>\n\n\n\n<li><strong>Coberturas de vacunaci\u00f3n superiores al 95% son necesarias para evitar brotes<\/strong>.<\/li>\n<\/ul>\n\n\n\n<p class=\"wp-block-paragraph\">Sin embargo, se advirti\u00f3 que la disminuci\u00f3n en la cobertura vacunal ha generado condiciones para la reaparici\u00f3n de la enfermedad en diversas regiones.<\/p>\n\n\n\n<h2 class=\"wp-block-heading\">Factores que han favorecido el resurgimiento<\/h2>\n\n\n\n<p class=\"wp-block-paragraph\">Diversos factores han contribuido al aumento de casos:<\/p>\n\n\n\n<ul class=\"wp-block-list\">\n<li>Interrupciones en los programas de vacunaci\u00f3n<\/li>\n\n\n\n<li>Desinformaci\u00f3n sobre vacunas<\/li>\n\n\n\n<li>Desigualdades en el acceso a servicios de salud<\/li>\n<\/ul>\n\n\n\n<p class=\"wp-block-paragraph\">Estos elementos han permitido la acumulaci\u00f3n de personas susceptibles, lo que incrementa el riesgo de brotes.<\/p>\n\n\n\n<h2 class=\"wp-block-heading\">Vigilancia epidemiol\u00f3gica y respuesta sanitaria<\/h2>\n\n\n\n<p class=\"wp-block-paragraph\">El control del sarampi\u00f3n requiere sistemas robustos de vigilancia epidemiol\u00f3gica que permitan identificar casos de manera oportuna y activar respuestas r\u00e1pidas.<\/p>\n\n\n\n<p class=\"wp-block-paragraph\">Se destac\u00f3 que la detecci\u00f3n temprana, el aislamiento de casos y la vacunaci\u00f3n de contactos son medidas clave para contener la transmisi\u00f3n.<\/p>\n\n\n\n<p class=\"wp-block-paragraph\">Asimismo, se enfatiz\u00f3 la importancia de fortalecer las campa\u00f1as de inmunizaci\u00f3n y la comunicaci\u00f3n en salud para recuperar la confianza en las vacunas.<\/p>\n\n\n\n<h2 class=\"wp-block-heading\">Un llamado a reforzar la prevenci\u00f3n<\/h2>\n\n\n\n<p class=\"wp-block-paragraph\">La evidencia disponible subray\u00f3 que el sarampi\u00f3n es una enfermedad prevenible, pero altamente peligrosa en ausencia de inmunizaci\u00f3n.<\/p>\n\n\n\n<p class=\"wp-block-paragraph\">El fortalecimiento de las estrategias de vacunaci\u00f3n, junto con la educaci\u00f3n en salud y la vigilancia epidemiol\u00f3gica, constituye una prioridad para reducir el riesgo de brotes y proteger a las poblaciones m\u00e1s vulnerables.<\/p>\n\n\n\n<blockquote class=\"wp-block-quote is-layout-flow wp-block-quote-is-layout-flow\">\n<p class=\"wp-block-paragraph\">Esta nota, as\u00ed como reportajes, entrevistas exclusivas, videos, podcast y m\u00e1s, los podr\u00e1s encontrar en nuestra pr\u00f3xima edici\u00f3n especial digital de <strong>Temas Selectos en Salud.<\/strong><\/p>\n\n\n\n<p class=\"wp-block-paragraph\"><strong>LaSalud.lat \/ <\/strong><a href=\"http:\/\/www.lasalud.mx\"><strong>LaSalud.mx<\/strong><\/a> La Revista de la Comunidad M\u00e9dica.<\/p>\n\n\n\n<p class=\"wp-block-paragraph\">Visita algunas de nuestras ediciones especiales en <a href=\"https:\/\/issuu.com\/grupo-mundodehoy\"><strong>https:\/\/issuu.com\/grupo-mundodehoy<\/strong><\/a><\/p>\n<\/blockquote>\n\n\n\n<p class=\"wp-block-paragraph\">D.E.<\/p>\n","protected":false},"excerpt":{"rendered":"<p>La vacunaci\u00f3n sistem\u00e1tica y la vigilancia epidemiol\u00f3gica son esenciales para evitar complicaciones como neumon\u00eda y encefalitis Por: Redacci\u00f3n LaSalud.lat, Ciudad de M\u00e9xico, 13 de abril de 2026 .- El sarampi\u00f3n fue identificado como una de las enfermedades virales m\u00e1s contagiosas, causada por un virus que se transmite por el aire a trav\u00e9s de gotas respiratorias &hellip;<\/p>\n","protected":false},"author":2,"featured_media":115,"comment_status":"open","ping_status":"open","sticky":false,"template":"","format":"standard","meta":{"footnotes":""},"categories":[12],"tags":[286,285,21,287,288],"class_list":["post-113","post","type-post","status-publish","format-standard","has-post-thumbnail","","category-infectologia","tag-ops","tag-organizacionpanamericanadelasalud","tag-portada","tag-sarampion","tag-vacunacion"],"_links":{"self":[{"href":"https:\/\/lasalud.lat\/index.php?rest_route=\/wp\/v2\/posts\/113","targetHints":{"allow":["GET"]}}],"collection":[{"href":"https:\/\/lasalud.lat\/index.php?rest_route=\/wp\/v2\/posts"}],"about":[{"href":"https:\/\/lasalud.lat\/index.php?rest_route=\/wp\/v2\/types\/post"}],"author":[{"embeddable":true,"href":"https:\/\/lasalud.lat\/index.php?rest_route=\/wp\/v2\/users\/2"}],"replies":[{"embeddable":true,"href":"https:\/\/lasalud.lat\/index.php?rest_route=%2Fwp%2Fv2%2Fcomments&post=113"}],"version-history":[{"count":1,"href":"https:\/\/lasalud.lat\/index.php?rest_route=\/wp\/v2\/posts\/113\/revisions"}],"predecessor-version":[{"id":116,"href":"https:\/\/lasalud.lat\/index.php?rest_route=\/wp\/v2\/posts\/113\/revisions\/116"}],"wp:featuredmedia":[{"embeddable":true,"href":"https:\/\/lasalud.lat\/index.php?rest_route=\/wp\/v2\/media\/115"}],"wp:attachment":[{"href":"https:\/\/lasalud.lat\/index.php?rest_route=%2Fwp%2Fv2%2Fmedia&parent=113"}],"wp:term":[{"taxonomy":"category","embeddable":true,"href":"https:\/\/lasalud.lat\/index.php?rest_route=%2Fwp%2Fv2%2Fcategories&post=113"},{"taxonomy":"post_tag","embeddable":true,"href":"https:\/\/lasalud.lat\/index.php?rest_route=%2Fwp%2Fv2%2Ftags&post=113"}],"curies":[{"name":"wp","href":"https:\/\/api.w.org\/{rel}","templated":true}]}}